{"id":58,"date":"2021-11-04T13:15:54","date_gmt":"2021-11-04T12:15:54","guid":{"rendered":"https:\/\/lesforgesduweb.fr\/actualites\/?p=58"},"modified":"2022-03-14T10:27:32","modified_gmt":"2022-03-14T09:27:32","slug":"atelier-114-un-site-vitrine-gourmand","status":"publish","type":"post","link":"https:\/\/lesforgesduweb.fr\/actualites\/atelier-114-un-site-vitrine-gourmand\/","title":{"rendered":"Atelier 114, un site vitrine gourmand"},"content":{"rendered":"\n<p>Aujourd\u2019hui nous mettons \u00e0 l\u2019honneur notre client artisan chocolatier, l\u2019<a href=\"https:\/\/atelier114chocolat.fr\/fr\" target=\"_blank\" rel=\"noreferrer noopener\">Atelier 114<\/a>, afin de vous pr\u00e9senter les \u00e9tapes et les enjeux de ce projet de <a href=\"https:\/\/lesforgesduweb.fr\/site-web\" target=\"_blank\" rel=\"noreferrer noopener\">site vitrine<\/a>.<\/p>\n\n\n\n<p>L\u2019<a href=\"https:\/\/atelier114chocolat.fr\/fr\" target=\"_blank\" rel=\"noreferrer noopener\">Atelier 114<\/a> est une entreprise familiale d\u2019artisans chocolatiers fond\u00e9e par un p\u00e8re et son fils \u00e0 Poissy dans les Yvelines.<\/p>\n\n\n\n<p>Ils nous ont contact\u00e9s car ils avaient besoin d\u2019un site web one-page \u00e9l\u00e9gant et unique qui montre leur savoir-faire tout en valorisant leur positionnement haut de gamme. Ils voulaient \u00eatre pr\u00e9sents sur le net et ont donc fait appel \u00e0 des personnes qui \u00e9taient capables de comprendre les enjeux de l\u2019artisanat pour les repr\u00e9senter.<\/p>\n\n\n\n<p>Nous avions tout \u00e0 construire ensemble puisqu\u2019en effet, l\u2019<a href=\"https:\/\/atelier114chocolat.fr\/fr\" target=\"_blank\" rel=\"noreferrer noopener\">Atelier 114<\/a> partait de z\u00e9ro. La couleur bleue et le logo mis \u00e0 part, toute leur identit\u00e9 visuelle \u00e9tait \u00e0 produire.<\/p>\n\n\n\n<h2 class=\"wp-block-heading\"><strong>Cr\u00e9ation d\u2019un design unique pour un atelier-boutique authentique<\/strong><\/h2>\n\n\n\n<p>Nous les avons rencontr\u00e9s dans leur atelier-boutique pour nous impr\u00e9gner des lieux ainsi que de leurs valeurs (et pour go\u00fbter les produits aussi bien s\u00fbr !). \u00c0 la suite de cette rencontre, nous avons effectu\u00e9 une <a href=\"https:\/\/lesforgesduweb.fr\/communication\" target=\"_blank\" rel=\"noreferrer noopener\">s\u00e9ance photo<\/a> de leurs productions pour alimenter leurs visuels.<\/p>\n\n\n\n<div class=\"wp-block-columns is-layout-flex wp-container-core-columns-is-layout-1 wp-block-columns-is-layout-flex\">\n<div class=\"wp-block-column is-layout-flow wp-block-column-is-layout-flow\">\n<div class=\"wp-block-image\"><figure class=\"alignright size-full is-resized\"><img loading=\"lazy\" decoding=\"async\" src=\"https:\/\/lesforgesduweb.fr\/actualites\/wp-content\/uploads\/2021\/11\/web_images_us-shop_600w.jpg\" alt=\"Artisants de l'atelier\" class=\"wp-image-68\" width=\"269\" height=\"269\" srcset=\"https:\/\/lesforgesduweb.fr\/actualites\/wp-content\/uploads\/2021\/11\/web_images_us-shop_600w.jpg 600w, https:\/\/lesforgesduweb.fr\/actualites\/wp-content\/uploads\/2021\/11\/web_images_us-shop_600w-300x300.jpg 300w, https:\/\/lesforgesduweb.fr\/actualites\/wp-content\/uploads\/2021\/11\/web_images_us-shop_600w-150x150.jpg 150w\" sizes=\"(max-width: 269px) 100vw, 269px\" \/><\/figure><\/div>\n<\/div>\n\n\n\n<div class=\"wp-block-column is-layout-flow wp-block-column-is-layout-flow\">\n<div class=\"wp-block-image\"><figure class=\"aligncenter size-full is-resized\"><img loading=\"lazy\" decoding=\"async\" src=\"https:\/\/lesforgesduweb.fr\/actualites\/wp-content\/uploads\/2021\/11\/web_images_box-pyramid_800w.png\" alt=\"Bo\u00eetes de chocolats superpos\u00e9es\" class=\"wp-image-71\" width=\"269\" height=\"269\" title=\"Bo\u00eete chocolats 114\" srcset=\"https:\/\/lesforgesduweb.fr\/actualites\/wp-content\/uploads\/2021\/11\/web_images_box-pyramid_800w.png 800w, https:\/\/lesforgesduweb.fr\/actualites\/wp-content\/uploads\/2021\/11\/web_images_box-pyramid_800w-300x300.png 300w, https:\/\/lesforgesduweb.fr\/actualites\/wp-content\/uploads\/2021\/11\/web_images_box-pyramid_800w-150x150.png 150w, https:\/\/lesforgesduweb.fr\/actualites\/wp-content\/uploads\/2021\/11\/web_images_box-pyramid_800w-768x768.png 768w\" sizes=\"(max-width: 269px) 100vw, 269px\" \/><\/figure><\/div>\n<\/div>\n\n\n\n<div class=\"wp-block-column is-layout-flow wp-block-column-is-layout-flow\">\n<div class=\"wp-block-image\"><figure class=\"alignleft size-full is-resized\"><img loading=\"lazy\" decoding=\"async\" src=\"https:\/\/lesforgesduweb.fr\/actualites\/wp-content\/uploads\/2021\/11\/web_images_us-lab_600w.jpg\" alt=\"Axel qui pr\u00e9pare des chocolats\" class=\"wp-image-70\" width=\"269\" height=\"269\" srcset=\"https:\/\/lesforgesduweb.fr\/actualites\/wp-content\/uploads\/2021\/11\/web_images_us-lab_600w.jpg 600w, https:\/\/lesforgesduweb.fr\/actualites\/wp-content\/uploads\/2021\/11\/web_images_us-lab_600w-300x300.jpg 300w, https:\/\/lesforgesduweb.fr\/actualites\/wp-content\/uploads\/2021\/11\/web_images_us-lab_600w-150x150.jpg 150w\" sizes=\"(max-width: 269px) 100vw, 269px\" \/><\/figure><\/div>\n<\/div>\n<\/div>\n\n\n\n<p>En plus de la photographie, ils ont eu besoin d\u2019une plume pour <a href=\"https:\/\/lesforgesduweb.fr\/communication\" target=\"_blank\" rel=\"noreferrer noopener\">r\u00e9diger leurs contenus<\/a> en r\u00e9v\u00e9lant leurs valeurs et leur authenticit\u00e9. Nous avons donc profit\u00e9 de notre visite pour r\u00e9aliser une interview de nos deux artisans en savourant de bons produits. Un \u00e9change \u00e0 la fois professionnel et convivial.<\/p>\n\n\n\n<p>Nous avons commenc\u00e9 la conception du <a href=\"https:\/\/lesforgesduweb.fr\/site-web\" target=\"_blank\" rel=\"noreferrer noopener\">site internet<\/a> en leur proposant une maquette que nous avions cr\u00e9\u00e9 de toute pi\u00e8ce, en partant d\u2019une feuille blanche. Apr\u00e8s validation de celle-ci, nous sommes pass\u00e9s \u00e0 l\u2019\u00e9tape de d\u00e9veloppement du <a href=\"https:\/\/lesforgesduweb.fr\/site-web\" target=\"_blank\" rel=\"noreferrer noopener\">site web<\/a>.<\/p>\n\n\n\n<h2 class=\"wp-block-heading\"><strong>Du croquis au croquant&nbsp;: nos ingr\u00e9dients du succ\u00e8s<\/strong><\/h2>\n\n\n\n<p>Nous avons choisi des ingr\u00e9dients technologiques \u00e9prouv\u00e9s tels que Symfony, qui est l\u2019infrastructure logicielle serveur la plus utilis\u00e9e en France par les agences Web, ou encore Bootstrap qui est d\u00e9velopp\u00e9 et maintenu par le g\u00e9ant am\u00e9ricain Twitter.<\/p>\n\n\n\n<div class=\"wp-block-columns is-layout-flex wp-container-core-columns-is-layout-3 wp-block-columns-is-layout-flex\">\n<div class=\"wp-block-column is-layout-flow wp-block-column-is-layout-flow\" style=\"flex-basis:100%\">\n<div class=\"wp-block-columns is-layout-flex wp-container-core-columns-is-layout-2 wp-block-columns-is-layout-flex\">\n<div class=\"wp-block-column is-layout-flow wp-block-column-is-layout-flow\">\n<div class=\"wp-block-image\"><figure class=\"aligncenter size-full is-resized\"><img loading=\"lazy\" decoding=\"async\" src=\"https:\/\/lesforgesduweb.fr\/actualites\/wp-content\/uploads\/2021\/11\/symphony.png\" alt=\"Logo Symfony\" class=\"wp-image-62\" width=\"156\" height=\"173\"\/><\/figure><\/div>\n<\/div>\n\n\n\n<div class=\"wp-block-column is-layout-flow wp-block-column-is-layout-flow\">\n<div class=\"wp-block-image\"><figure class=\"aligncenter size-full\"><img loading=\"lazy\" decoding=\"async\" width=\"187\" height=\"149\" src=\"https:\/\/lesforgesduweb.fr\/actualites\/wp-content\/uploads\/2021\/11\/image-2.png\" alt=\"Logo bootstrap\" class=\"wp-image-55\"\/><\/figure><\/div>\n<\/div>\n<\/div>\n<\/div>\n<\/div>\n\n\n\n<p>Notre choix strat\u00e9gique du moule technique du one-page en mode diapo nous a permis de leur livrer un <a href=\"https:\/\/lesforgesduweb.fr\/site-web\" target=\"_blank\" rel=\"noreferrer noopener\">site vitrine<\/a> authentique. C\u2019est une sp\u00e9cificit\u00e9 qui a eu beaucoup de succ\u00e8s aupr\u00e8s de nos deux artisans.<\/p>\n\n\n\n<h2 class=\"wp-block-heading\"><strong>Un coup de fouet pour la communication&nbsp;: de nouvelles fonctionnalit\u00e9s<\/strong><\/h2>\n\n\n\n<p>Tous les ans, le client revient vers nous avec de nouveaux besoins. Nous lui proposons donc \u00e0 chaque fois de nouvelles fonctionnalit\u00e9s pour optimiser son plan de communication.<\/p>\n\n\n\n<h3 class=\"wp-block-heading\"><strong>Instagram&nbsp;: connexion au r\u00e9seau social<\/strong><\/h3>\n\n\n\n<p>Il y a un an, l\u2019<a href=\"https:\/\/atelier114chocolat.fr\/fr\" target=\"_blank\" rel=\"noreferrer noopener\">Atelier 114<\/a> voulait fournir du contenu \u00e0 son <a href=\"https:\/\/lesforgesduweb.fr\/site-web\" target=\"_blank\" rel=\"noreferrer noopener\">site web<\/a> de la m\u00eame mani\u00e8re que sur ses r\u00e9seaux sociaux. Alors, nous leur avons cr\u00e9\u00e9 une mosa\u00efque de 9 vignettes automatique. Celle-ci est connect\u00e9e directement \u00e0 Instagram qui est utilis\u00e9 comme source d\u2019image pour cette mosa\u00efque.<\/p>\n\n\n\n<h3 class=\"wp-block-heading\"><strong>\u00c9v\u00e9nements&nbsp;: l\u2019agenda du commer\u00e7ant<\/strong><\/h3>\n\n\n\n<p>Il y a un mois, notre duo d\u2019artisans a exprim\u00e9 le besoin de pr\u00e9senter \u00e0 leurs clients leurs productions ponctuelles lors des quatre grands \u00e9v\u00e9nements de l\u2019ann\u00e9e que sont&nbsp;: Halloween, No\u00ebl, la Saint-Valentin et P\u00e2ques.<\/p>\n\n\n\n<p>Pour r\u00e9pondre \u00e0 cette demande, nous avons cr\u00e9\u00e9 une interface d\u2019administration leur permettant de cr\u00e9er des pages \u00e9v\u00e9nementielles r\u00e9pondants \u00e0 leur agenda annuel.<\/p>\n\n\n\n<p>Nous en avons profit\u00e9 pour effectuer la transformation d\u2019une partie de leur <a href=\"https:\/\/lesforgesduweb.fr\/site-web\" target=\"_blank\" rel=\"noreferrer noopener\">site web<\/a> en CMS pour leur permettre d\u2019\u00eatre plus ind\u00e9pendants sur la mise \u00e0 jour de leurs donn\u00e9es telles que les horaires d\u2019ouvertures.<\/p>\n\n\n\n<p>Nous travaillons toujours pour l\u2019<a href=\"https:\/\/atelier114chocolat.fr\/fr\" target=\"_blank\" rel=\"noreferrer noopener\">Atelier 114<\/a>, le site ne fait que s\u2019am\u00e9liorer en fonction de leurs besoins de communication.<\/p>\n\n\n\n<p>C\u2019est un projet qui compte \u00e9norm\u00e9ment pour nous car il refl\u00e8te notre objectif de travail sur du long terme avec nos clients. Notre enjeu principal est de vous accompagner tout au long de notre collaboration afin de vous proposer des id\u00e9es qui vous ressemblent.<\/p>\n\n\n\n<p>Vous pourrez d\u00e9couvrir ci-dessous le rendu final d\u2019un travail d\u2019\u00e9quipe qui fonctionne.<\/p>\n\n\n\n<figure class=\"wp-block-embed is-type-video is-provider-youtube wp-block-embed-youtube wp-embed-aspect-16-9 wp-has-aspect-ratio\"><div class=\"wp-block-embed__wrapper\">\n<iframe loading=\"lazy\" title=\"Atelier 114, des ingr\u00e9dients de qualit\u00e9 pour un site vitrine gourmand\" width=\"640\" height=\"360\" src=\"https:\/\/www.youtube.com\/embed\/TkP4kAQY_o4?feature=oembed\" frameborder=\"0\" allow=\"accelerometer; autoplay; clipboard-write; encrypted-media; gyroscope; picture-in-picture; web-share\" referrerpolicy=\"strict-origin-when-cross-origin\" allowfullscreen><\/iframe>\n<\/div><\/figure>\n","protected":false},"excerpt":{"rendered":"<p>Aujourd\u2019hui nous mettons \u00e0 l\u2019honneur notre client artisan chocolatier, l\u2019Atelier 114, afin de vous pr\u00e9senter<\/p>\n","protected":false},"author":2,"featured_media":69,"comment_status":"open","ping_status":"open","sticky":false,"template":"","format":"standard","meta":{"footnotes":""},"categories":[5],"tags":[20,17],"class_list":["post-58","post","type-post","status-publish","format-standard","has-post-thumbnail","hentry","category-storytelling","tag-design","tag-site-web"],"yoast_head":"<!-- This site is optimized with the Yoast SEO plugin v23.1 - https:\/\/yoast.com\/wordpress\/plugins\/seo\/ -->\n<title>Atelier 114, un site vitrine gourmand - Les actualit\u00e9s des Forges du Web<\/title>\n<meta name=\"description\" content=\"Success story : mise \u00e0 l\u2019honneur de notre client artisan chocolatier, l\u2019Atelier 114. \u00c9tapes et enjeux de ce projet de site vitrine sur mesure.\" \/>\n<meta name=\"robots\" content=\"index, follow, max-snippet:-1, max-image-preview:large, max-video-preview:-1\" \/>\n<link rel=\"canonical\" href=\"https:\/\/lesforgesduweb.fr\/actualites\/atelier-114-un-site-vitrine-gourmand\/\" \/>\n<meta property=\"og:locale\" content=\"fr_FR\" \/>\n<meta property=\"og:type\" content=\"article\" \/>\n<meta property=\"og:title\" content=\"Atelier 114, un site vitrine gourmand - Les actualit\u00e9s des Forges du Web\" \/>\n<meta property=\"og:description\" content=\"Success story : mise \u00e0 l\u2019honneur de notre client artisan chocolatier, l\u2019Atelier 114. \u00c9tapes et enjeux de ce projet de site vitrine sur mesure.\" \/>\n<meta property=\"og:url\" content=\"https:\/\/lesforgesduweb.fr\/actualites\/atelier-114-un-site-vitrine-gourmand\/\" \/>\n<meta property=\"og:site_name\" content=\"Les actualit\u00e9s des Forges du Web\" \/>\n<meta property=\"article:published_time\" content=\"2021-11-04T12:15:54+00:00\" \/>\n<meta property=\"article:modified_time\" content=\"2022-03-14T09:27:32+00:00\" \/>\n<meta property=\"og:image\" content=\"https:\/\/lesforgesduweb.fr\/actualites\/wp-content\/uploads\/2021\/11\/web_images_shop_1280w.jpg\" \/>\n\t<meta property=\"og:image:width\" content=\"1280\" \/>\n\t<meta property=\"og:image:height\" content=\"853\" \/>\n\t<meta property=\"og:image:type\" content=\"image\/jpeg\" \/>\n<meta name=\"author\" content=\"Camille H\u00e9non\" \/>\n<meta name=\"twitter:card\" content=\"summary_large_image\" \/>\n<meta name=\"twitter:image\" content=\"https:\/\/lesforgesduweb.fr\/actualites\/wp-content\/uploads\/2021\/11\/web_images_shop_1280w.jpg\" \/>\n<meta name=\"twitter:label1\" content=\"\u00c9crit par\" \/>\n\t<meta name=\"twitter:data1\" content=\"Camille H\u00e9non\" \/>\n\t<meta name=\"twitter:label2\" content=\"Dur\u00e9e de lecture estim\u00e9e\" \/>\n\t<meta name=\"twitter:data2\" content=\"5 minutes\" \/>\n<script type=\"application\/ld+json\" class=\"yoast-schema-graph\">{\"@context\":\"https:\/\/schema.org\",\"@graph\":[{\"@type\":\"Article\",\"@id\":\"https:\/\/lesforgesduweb.fr\/actualites\/atelier-114-un-site-vitrine-gourmand\/#article\",\"isPartOf\":{\"@id\":\"https:\/\/lesforgesduweb.fr\/actualites\/atelier-114-un-site-vitrine-gourmand\/\"},\"author\":{\"name\":\"Camille H\u00e9non\",\"@id\":\"https:\/\/lesforgesduweb.fr\/actualites\/#\/schema\/person\/dc970c5b240f5f21a514e8ff876fc9f4\"},\"headline\":\"Atelier 114, un site vitrine gourmand\",\"datePublished\":\"2021-11-04T12:15:54+00:00\",\"dateModified\":\"2022-03-14T09:27:32+00:00\",\"mainEntityOfPage\":{\"@id\":\"https:\/\/lesforgesduweb.fr\/actualites\/atelier-114-un-site-vitrine-gourmand\/\"},\"wordCount\":699,\"commentCount\":0,\"publisher\":{\"@id\":\"https:\/\/lesforgesduweb.fr\/actualites\/#organization\"},\"image\":{\"@id\":\"https:\/\/lesforgesduweb.fr\/actualites\/atelier-114-un-site-vitrine-gourmand\/#primaryimage\"},\"thumbnailUrl\":\"https:\/\/lesforgesduweb.fr\/actualites\/wp-content\/uploads\/2021\/11\/web_images_shop_1280w.jpg\",\"keywords\":[\"design\",\"site web\"],\"articleSection\":[\"Storytelling\"],\"inLanguage\":\"fr-FR\",\"potentialAction\":[{\"@type\":\"CommentAction\",\"name\":\"Comment\",\"target\":[\"https:\/\/lesforgesduweb.fr\/actualites\/atelier-114-un-site-vitrine-gourmand\/#respond\"]}]},{\"@type\":\"WebPage\",\"@id\":\"https:\/\/lesforgesduweb.fr\/actualites\/atelier-114-un-site-vitrine-gourmand\/\",\"url\":\"https:\/\/lesforgesduweb.fr\/actualites\/atelier-114-un-site-vitrine-gourmand\/\",\"name\":\"Atelier 114, un site vitrine gourmand - Les actualit\u00e9s des Forges du Web\",\"isPartOf\":{\"@id\":\"https:\/\/lesforgesduweb.fr\/actualites\/#website\"},\"primaryImageOfPage\":{\"@id\":\"https:\/\/lesforgesduweb.fr\/actualites\/atelier-114-un-site-vitrine-gourmand\/#primaryimage\"},\"image\":{\"@id\":\"https:\/\/lesforgesduweb.fr\/actualites\/atelier-114-un-site-vitrine-gourmand\/#primaryimage\"},\"thumbnailUrl\":\"https:\/\/lesforgesduweb.fr\/actualites\/wp-content\/uploads\/2021\/11\/web_images_shop_1280w.jpg\",\"datePublished\":\"2021-11-04T12:15:54+00:00\",\"dateModified\":\"2022-03-14T09:27:32+00:00\",\"description\":\"Success story : mise \u00e0 l\u2019honneur de notre client artisan chocolatier, l\u2019Atelier 114. \u00c9tapes et enjeux de ce projet de site vitrine sur mesure.\",\"breadcrumb\":{\"@id\":\"https:\/\/lesforgesduweb.fr\/actualites\/atelier-114-un-site-vitrine-gourmand\/#breadcrumb\"},\"inLanguage\":\"fr-FR\",\"potentialAction\":[{\"@type\":\"ReadAction\",\"target\":[\"https:\/\/lesforgesduweb.fr\/actualites\/atelier-114-un-site-vitrine-gourmand\/\"]}]},{\"@type\":\"ImageObject\",\"inLanguage\":\"fr-FR\",\"@id\":\"https:\/\/lesforgesduweb.fr\/actualites\/atelier-114-un-site-vitrine-gourmand\/#primaryimage\",\"url\":\"https:\/\/lesforgesduweb.fr\/actualites\/wp-content\/uploads\/2021\/11\/web_images_shop_1280w.jpg\",\"contentUrl\":\"https:\/\/lesforgesduweb.fr\/actualites\/wp-content\/uploads\/2021\/11\/web_images_shop_1280w.jpg\",\"width\":1280,\"height\":853},{\"@type\":\"BreadcrumbList\",\"@id\":\"https:\/\/lesforgesduweb.fr\/actualites\/atelier-114-un-site-vitrine-gourmand\/#breadcrumb\",\"itemListElement\":[{\"@type\":\"ListItem\",\"position\":1,\"name\":\"Accueil\",\"item\":\"https:\/\/lesforgesduweb.fr\/actualites\/\"},{\"@type\":\"ListItem\",\"position\":2,\"name\":\"Atelier 114, un site vitrine gourmand\"}]},{\"@type\":\"WebSite\",\"@id\":\"https:\/\/lesforgesduweb.fr\/actualites\/#website\",\"url\":\"https:\/\/lesforgesduweb.fr\/actualites\/\",\"name\":\"Les actualit\u00e9s des Forges du Web\",\"description\":\"Faites forger votre site web chez nous, l&#039;agence web qui allie rigueur technique et cr\u00e9ativit\u00e9.\",\"publisher\":{\"@id\":\"https:\/\/lesforgesduweb.fr\/actualites\/#organization\"},\"potentialAction\":[{\"@type\":\"SearchAction\",\"target\":{\"@type\":\"EntryPoint\",\"urlTemplate\":\"https:\/\/lesforgesduweb.fr\/actualites\/?s={search_term_string}\"},\"query-input\":\"required name=search_term_string\"}],\"inLanguage\":\"fr-FR\"},{\"@type\":\"Organization\",\"@id\":\"https:\/\/lesforgesduweb.fr\/actualites\/#organization\",\"name\":\"Les Forges du Web\",\"url\":\"https:\/\/lesforgesduweb.fr\/actualites\/\",\"logo\":{\"@type\":\"ImageObject\",\"inLanguage\":\"fr-FR\",\"@id\":\"https:\/\/lesforgesduweb.fr\/actualites\/#\/schema\/logo\/image\/\",\"url\":\"https:\/\/lesforgesduweb.fr\/actualites\/wp-content\/uploads\/2021\/11\/logo_100-png8-8c.png\",\"contentUrl\":\"https:\/\/lesforgesduweb.fr\/actualites\/wp-content\/uploads\/2021\/11\/logo_100-png8-8c.png\",\"width\":100,\"height\":100,\"caption\":\"Les Forges du Web\"},\"image\":{\"@id\":\"https:\/\/lesforgesduweb.fr\/actualites\/#\/schema\/logo\/image\/\"}},{\"@type\":\"Person\",\"@id\":\"https:\/\/lesforgesduweb.fr\/actualites\/#\/schema\/person\/dc970c5b240f5f21a514e8ff876fc9f4\",\"name\":\"Camille H\u00e9non\",\"image\":{\"@type\":\"ImageObject\",\"inLanguage\":\"fr-FR\",\"@id\":\"https:\/\/lesforgesduweb.fr\/actualites\/#\/schema\/person\/image\/\",\"url\":\"https:\/\/secure.gravatar.com\/avatar\/eed88ea0922fed322abb7227bccd20f9?s=96&d=mm&r=g\",\"contentUrl\":\"https:\/\/secure.gravatar.com\/avatar\/eed88ea0922fed322abb7227bccd20f9?s=96&d=mm&r=g\",\"caption\":\"Camille H\u00e9non\"},\"url\":\"https:\/\/lesforgesduweb.fr\/actualites\/author\/chenon\/\"}]}<\/script>\n<!-- \/ Yoast SEO plugin. -->","yoast_head_json":{"title":"Atelier 114, un site vitrine gourmand - Les actualit\u00e9s des Forges du Web","description":"Success story : mise \u00e0 l\u2019honneur de notre client artisan chocolatier, l\u2019Atelier 114. \u00c9tapes et enjeux de ce projet de site vitrine sur mesure.","robots":{"index":"index","follow":"follow","max-snippet":"max-snippet:-1","max-image-preview":"max-image-preview:large","max-video-preview":"max-video-preview:-1"},"canonical":"https:\/\/lesforgesduweb.fr\/actualites\/atelier-114-un-site-vitrine-gourmand\/","og_locale":"fr_FR","og_type":"article","og_title":"Atelier 114, un site vitrine gourmand - Les actualit\u00e9s des Forges du Web","og_description":"Success story : mise \u00e0 l\u2019honneur de notre client artisan chocolatier, l\u2019Atelier 114. \u00c9tapes et enjeux de ce projet de site vitrine sur mesure.","og_url":"https:\/\/lesforgesduweb.fr\/actualites\/atelier-114-un-site-vitrine-gourmand\/","og_site_name":"Les actualit\u00e9s des Forges du Web","article_published_time":"2021-11-04T12:15:54+00:00","article_modified_time":"2022-03-14T09:27:32+00:00","og_image":[{"width":1280,"height":853,"url":"https:\/\/lesforgesduweb.fr\/actualites\/wp-content\/uploads\/2021\/11\/web_images_shop_1280w.jpg","type":"image\/jpeg"}],"author":"Camille H\u00e9non","twitter_card":"summary_large_image","twitter_image":"https:\/\/lesforgesduweb.fr\/actualites\/wp-content\/uploads\/2021\/11\/web_images_shop_1280w.jpg","twitter_misc":{"\u00c9crit par":"Camille H\u00e9non","Dur\u00e9e de lecture estim\u00e9e":"5 minutes"},"schema":{"@context":"https:\/\/schema.org","@graph":[{"@type":"Article","@id":"https:\/\/lesforgesduweb.fr\/actualites\/atelier-114-un-site-vitrine-gourmand\/#article","isPartOf":{"@id":"https:\/\/lesforgesduweb.fr\/actualites\/atelier-114-un-site-vitrine-gourmand\/"},"author":{"name":"Camille H\u00e9non","@id":"https:\/\/lesforgesduweb.fr\/actualites\/#\/schema\/person\/dc970c5b240f5f21a514e8ff876fc9f4"},"headline":"Atelier 114, un site vitrine gourmand","datePublished":"2021-11-04T12:15:54+00:00","dateModified":"2022-03-14T09:27:32+00:00","mainEntityOfPage":{"@id":"https:\/\/lesforgesduweb.fr\/actualites\/atelier-114-un-site-vitrine-gourmand\/"},"wordCount":699,"commentCount":0,"publisher":{"@id":"https:\/\/lesforgesduweb.fr\/actualites\/#organization"},"image":{"@id":"https:\/\/lesforgesduweb.fr\/actualites\/atelier-114-un-site-vitrine-gourmand\/#primaryimage"},"thumbnailUrl":"https:\/\/lesforgesduweb.fr\/actualites\/wp-content\/uploads\/2021\/11\/web_images_shop_1280w.jpg","keywords":["design","site web"],"articleSection":["Storytelling"],"inLanguage":"fr-FR","potentialAction":[{"@type":"CommentAction","name":"Comment","target":["https:\/\/lesforgesduweb.fr\/actualites\/atelier-114-un-site-vitrine-gourmand\/#respond"]}]},{"@type":"WebPage","@id":"https:\/\/lesforgesduweb.fr\/actualites\/atelier-114-un-site-vitrine-gourmand\/","url":"https:\/\/lesforgesduweb.fr\/actualites\/atelier-114-un-site-vitrine-gourmand\/","name":"Atelier 114, un site vitrine gourmand - Les actualit\u00e9s des Forges du Web","isPartOf":{"@id":"https:\/\/lesforgesduweb.fr\/actualites\/#website"},"primaryImageOfPage":{"@id":"https:\/\/lesforgesduweb.fr\/actualites\/atelier-114-un-site-vitrine-gourmand\/#primaryimage"},"image":{"@id":"https:\/\/lesforgesduweb.fr\/actualites\/atelier-114-un-site-vitrine-gourmand\/#primaryimage"},"thumbnailUrl":"https:\/\/lesforgesduweb.fr\/actualites\/wp-content\/uploads\/2021\/11\/web_images_shop_1280w.jpg","datePublished":"2021-11-04T12:15:54+00:00","dateModified":"2022-03-14T09:27:32+00:00","description":"Success story : mise \u00e0 l\u2019honneur de notre client artisan chocolatier, l\u2019Atelier 114. \u00c9tapes et enjeux de ce projet de site vitrine sur mesure.","breadcrumb":{"@id":"https:\/\/lesforgesduweb.fr\/actualites\/atelier-114-un-site-vitrine-gourmand\/#breadcrumb"},"inLanguage":"fr-FR","potentialAction":[{"@type":"ReadAction","target":["https:\/\/lesforgesduweb.fr\/actualites\/atelier-114-un-site-vitrine-gourmand\/"]}]},{"@type":"ImageObject","inLanguage":"fr-FR","@id":"https:\/\/lesforgesduweb.fr\/actualites\/atelier-114-un-site-vitrine-gourmand\/#primaryimage","url":"https:\/\/lesforgesduweb.fr\/actualites\/wp-content\/uploads\/2021\/11\/web_images_shop_1280w.jpg","contentUrl":"https:\/\/lesforgesduweb.fr\/actualites\/wp-content\/uploads\/2021\/11\/web_images_shop_1280w.jpg","width":1280,"height":853},{"@type":"BreadcrumbList","@id":"https:\/\/lesforgesduweb.fr\/actualites\/atelier-114-un-site-vitrine-gourmand\/#breadcrumb","itemListElement":[{"@type":"ListItem","position":1,"name":"Accueil","item":"https:\/\/lesforgesduweb.fr\/actualites\/"},{"@type":"ListItem","position":2,"name":"Atelier 114, un site vitrine gourmand"}]},{"@type":"WebSite","@id":"https:\/\/lesforgesduweb.fr\/actualites\/#website","url":"https:\/\/lesforgesduweb.fr\/actualites\/","name":"Les actualit\u00e9s des Forges du Web","description":"Faites forger votre site web chez nous, l&#039;agence web qui allie rigueur technique et cr\u00e9ativit\u00e9.","publisher":{"@id":"https:\/\/lesforgesduweb.fr\/actualites\/#organization"},"potentialAction":[{"@type":"SearchAction","target":{"@type":"EntryPoint","urlTemplate":"https:\/\/lesforgesduweb.fr\/actualites\/?s={search_term_string}"},"query-input":"required name=search_term_string"}],"inLanguage":"fr-FR"},{"@type":"Organization","@id":"https:\/\/lesforgesduweb.fr\/actualites\/#organization","name":"Les Forges du Web","url":"https:\/\/lesforgesduweb.fr\/actualites\/","logo":{"@type":"ImageObject","inLanguage":"fr-FR","@id":"https:\/\/lesforgesduweb.fr\/actualites\/#\/schema\/logo\/image\/","url":"https:\/\/lesforgesduweb.fr\/actualites\/wp-content\/uploads\/2021\/11\/logo_100-png8-8c.png","contentUrl":"https:\/\/lesforgesduweb.fr\/actualites\/wp-content\/uploads\/2021\/11\/logo_100-png8-8c.png","width":100,"height":100,"caption":"Les Forges du Web"},"image":{"@id":"https:\/\/lesforgesduweb.fr\/actualites\/#\/schema\/logo\/image\/"}},{"@type":"Person","@id":"https:\/\/lesforgesduweb.fr\/actualites\/#\/schema\/person\/dc970c5b240f5f21a514e8ff876fc9f4","name":"Camille H\u00e9non","image":{"@type":"ImageObject","inLanguage":"fr-FR","@id":"https:\/\/lesforgesduweb.fr\/actualites\/#\/schema\/person\/image\/","url":"https:\/\/secure.gravatar.com\/avatar\/eed88ea0922fed322abb7227bccd20f9?s=96&d=mm&r=g","contentUrl":"https:\/\/secure.gravatar.com\/avatar\/eed88ea0922fed322abb7227bccd20f9?s=96&d=mm&r=g","caption":"Camille H\u00e9non"},"url":"https:\/\/lesforgesduweb.fr\/actualites\/author\/chenon\/"}]}},"_links":{"self":[{"href":"https:\/\/lesforgesduweb.fr\/actualites\/wp-json\/wp\/v2\/posts\/58"}],"collection":[{"href":"https:\/\/lesforgesduweb.fr\/actualites\/wp-json\/wp\/v2\/posts"}],"about":[{"href":"https:\/\/lesforgesduweb.fr\/actualites\/wp-json\/wp\/v2\/types\/post"}],"author":[{"embeddable":true,"href":"https:\/\/lesforgesduweb.fr\/actualites\/wp-json\/wp\/v2\/users\/2"}],"replies":[{"embeddable":true,"href":"https:\/\/lesforgesduweb.fr\/actualites\/wp-json\/wp\/v2\/comments?post=58"}],"version-history":[{"count":7,"href":"https:\/\/lesforgesduweb.fr\/actualites\/wp-json\/wp\/v2\/posts\/58\/revisions"}],"predecessor-version":[{"id":75,"href":"https:\/\/lesforgesduweb.fr\/actualites\/wp-json\/wp\/v2\/posts\/58\/revisions\/75"}],"wp:featuredmedia":[{"embeddable":true,"href":"https:\/\/lesforgesduweb.fr\/actualites\/wp-json\/wp\/v2\/media\/69"}],"wp:attachment":[{"href":"https:\/\/lesforgesduweb.fr\/actualites\/wp-json\/wp\/v2\/media?parent=58"}],"wp:term":[{"taxonomy":"category","embeddable":true,"href":"https:\/\/lesforgesduweb.fr\/actualites\/wp-json\/wp\/v2\/categories?post=58"},{"taxonomy":"post_tag","embeddable":true,"href":"https:\/\/lesforgesduweb.fr\/actualites\/wp-json\/wp\/v2\/tags?post=58"}],"curies":[{"name":"wp","href":"https:\/\/api.w.org\/{rel}","templated":true}]}}