{"id":239,"date":"2022-06-13T09:36:26","date_gmt":"2022-06-13T07:36:26","guid":{"rendered":"https:\/\/lesforgesduweb.fr\/actualites\/?p=239"},"modified":"2022-06-13T09:37:52","modified_gmt":"2022-06-13T07:37:52","slug":"entretien-recrutement","status":"publish","type":"post","link":"https:\/\/lesforgesduweb.fr\/actualites\/entretien-recrutement\/","title":{"rendered":"L\u2019entretien de recrutement en agence web"},"content":{"rendered":"\n<p>Vous avez obtenu un entretien de recrutement dans une agence web\u00a0: bravo vous avez pass\u00e9 l\u2019\u00e9tape de la <a href=\"https:\/\/lesforgesduweb.fr\/actualites\/candidater-agence-web\/\">s\u00e9lection du CV<\/a>\u00a0! Si vous n\u2019avez pas lu notre article sur la candidature, c\u2019est par ici que \u00e7a se passe (ne br\u00fblons pas les \u00e9tapes). Cet article s\u2019adresse surtout aux \u00e9tudiants bient\u00f4t dipl\u00f4m\u00e9s ou celles et ceux en recherche d\u2019alternance. Nous avons eu le plaisir de recruter et de travailler avec ce type de profils, et avons envie de vous partager notre retour d\u2019exp\u00e9rience en tant que recruteurs. Qui sommes-nous\u00a0? Alexandre est ing\u00e9nieur et d\u00e9veloppeur, Sabine est <a href=\"https:\/\/sabine-pasdelou.com\/\" target=\"_blank\" rel=\"noreferrer noopener\">docteure en histoire de l\u2019art<\/a> et directrice artistique. Nous sommes les fondateurs de l\u2019agence des Forges du Web et avons recrut\u00e9 3 juniors. Nous allons donc vous pr\u00e9senter notre vision du m\u00e9tier en tant que recruteurs. Cet article sera ainsi consacr\u00e9 \u00e0 l\u2019entretien de recrutement.<\/p>\n\n\n\n<h2 class=\"wp-block-heading\">La pr\u00e9paration de l\u2019entretien<\/h2>\n\n\n\n<p>Ce qui est d\u00e9licat pour un-e candidat-e, c\u2019est de jongler entre des r\u00e9ponses pr\u00e9par\u00e9es et des r\u00e9ponses naturelles. Car oui, il faut les deux. Une personne n\u2019ayant pas du tout pr\u00e9par\u00e9 son entretien pourra difficilement prouver sa d\u00e9termination et son s\u00e9rieux. Et en m\u00eame temps, les recruteurs observent toujours les candidats dans leur mani\u00e8re de r\u00e9pondre avec spontan\u00e9it\u00e9. Trop travailler son entretien et sortir des phrases st\u00e9r\u00e9otyp\u00e9es n\u2019aideront pas, et de la m\u00eame mani\u00e8re\u00a0: l\u2019oisivet\u00e9 ne paye pas. Il faut un juste \u00e9quilibre entre les deux pour prouver votre capacit\u00e9 \u00e0 vous adapter, une comp\u00e9tence pr\u00e9cieuse en entreprise.<\/p>\n\n\n\n<p>Les recruteurs aiment voir que vous \u00eates capables de vous adapter, de penser par vous-m\u00eames et donc d\u2019\u00eatre un peu autonomes. Vos ma\u00eetres d\u2019apprentissage et vos enseignants sont l\u00e0 pour vous apprendre des choses, mais beaucoup de savoir-faire s\u2019assimilent gr\u00e2ce \u00e0 la pratique et \u00e0 l\u2019autoformation sur le temps de travail. Le monde du d\u00e9veloppement et de la communication implique une veille importante\u00a0: vous ne passerez pas \u00e0 c\u00f4t\u00e9 de cette autoformation en permanence.<\/p>\n\n\n\n<p>Autre conseil qui est tr\u00e8s important\u00a0: regardez ce que fait l\u2019entreprise via son site web, et sa mani\u00e8re de communiquer sur les r\u00e9seaux sociaux. Un candidat avait par exemple regard\u00e9 ce que nous avions fait sur les r\u00e9seaux sociaux pour nous dire ce qu\u2019il en pensait, idem pour notre site pour une candidate. Cela fait un sujet de discussion tr\u00e8s int\u00e9ressant et permet de voir votre vision de votre m\u00e9tier. Nous avons d\u00e9j\u00e0 eu affaire \u00e0 des candidats qui ne savaient pas du tout ce que nous faisions\u2026autant vous dire que cette attitude ne leur a pas permis d\u2019\u00eatre recrut\u00e9s.<\/p>\n\n\n\n<h2 class=\"wp-block-heading\">Le jour de l\u2019entretien<\/h2>\n\n\n\n<p>\u00catre \u00e0 l\u2019heure, un incontournable, ou si vous \u00eates en retard\u00a0: pr\u00e9venir. Dans le cas contraire, cela en dit long sur votre mani\u00e8re de vous comporter une fois en poste. En g\u00e9n\u00e9ral, l\u2019entretien commence par une pr\u00e9sentation de votre parcours\u00a0: en gros, une redite de votre CV. C\u2019est barbant pour vous, mais n\u00e9cessaire pour nous. Les recruteurs ont besoin d\u2019\u00e9couter la mani\u00e8re dont vous vous pr\u00e9sentez, et surtout les mots que vous choisissez.<\/p>\n\n\n\n<p>Qu\u2019en est-il des informations un peu exag\u00e9r\u00e9es sem\u00e9es dans une candidature\u00a0? Aaaah la question du mensonge\u00a0: cela arrive, c\u2019est une r\u00e9f\u00e9rence humoristique r\u00e9currente dans les posts sur Twitter et Linkedin. Mais les mensonges peuvent \u00eatre vite rep\u00e9r\u00e9s, notamment durant l\u2019entretien. Parfois d\u00e8s le CV (notamment en indiquant la ma\u00eetrise de technologies trop anciennes ou qui n\u2019existent pas\u00a0: oui \u00e7a arrive\u00a0!).<\/p>\n\n\n\n<p>Au sein des petites agences, il y a un souci de rentabilit\u00e9 tr\u00e8s fort. Nous ne recrutons pas pour faire plaisir ou parce que le budget coule \u00e0 foison. Nous avons besoin de collaborateurs qui sauront apprendre ou faire. Aussi, mentir sur ce que vous connaissez comme logiciel ou comme technologie sera vite per\u00e7u, car dans les petites structures, les choses se savent et se voient rapidement. Certains dirigeants d\u2019agence vous feront m\u00eame passer des sortes de tests techniques pour v\u00e9rifier vos dires. Il faut bien garder en t\u00eate que ce sont les dirigeants en g\u00e9n\u00e9ral qui font les recrutements dans les petites agences\u00a0: pas les RH. Autant vous dire qu\u2019ils sauront de quoi vous parler.<\/p>\n\n\n\n<p>Enfin\u00a0: trouvez des questions \u00e0 poser, au fur et \u00e0 mesure. Elles vous permettent d\u2019\u00e9quilibrer la discussion, et de ne pas laisser le contr\u00f4le de l\u2019entretien aux recruteurs. En g\u00e9n\u00e9ral, nous savons o\u00f9 nous voulons aller. Aussi, vous pouvez reprendre une partie de la discussion en posant des questions, et apporter de l\u2019originalit\u00e9 au rendez-vous. Une personne peu curieuse ou qui est tr\u00e8s succincte dans ses r\u00e9ponses provoquera la fin pr\u00e9matur\u00e9e de l\u2019entretien. Autant vous dire qu\u2019une entrevue trop courte ne jouera pas en votre faveur, notamment parce qu\u2019on ne s\u2019en souviendra pas. De la m\u00eame mani\u00e8re, si vous occupez trop le temps de parole, vous ne donnerez pas forc\u00e9ment une bonne image de vous.<\/p>\n\n\n\n<figure class=\"wp-block-image size-large\"><img loading=\"lazy\" decoding=\"async\" width=\"1024\" height=\"683\" src=\"https:\/\/lesforgesduweb.fr\/actualites\/wp-content\/uploads\/2022\/06\/pexels-andrea-piacquadio-3760072-1024x683.jpg\" alt=\"une main tendant un CV \u00e0 une personne durant un entretien de recrutement\" class=\"wp-image-240\" srcset=\"https:\/\/lesforgesduweb.fr\/actualites\/wp-content\/uploads\/2022\/06\/pexels-andrea-piacquadio-3760072-1024x683.jpg 1024w, https:\/\/lesforgesduweb.fr\/actualites\/wp-content\/uploads\/2022\/06\/pexels-andrea-piacquadio-3760072-300x200.jpg 300w, https:\/\/lesforgesduweb.fr\/actualites\/wp-content\/uploads\/2022\/06\/pexels-andrea-piacquadio-3760072-768x512.jpg 768w, https:\/\/lesforgesduweb.fr\/actualites\/wp-content\/uploads\/2022\/06\/pexels-andrea-piacquadio-3760072-1536x1024.jpg 1536w\" sizes=\"(max-width: 1024px) 100vw, 1024px\" \/><figcaption>Du CV \u00e0 l&rsquo;entretien de recrutement<\/figcaption><\/figure>\n\n\n\n<h2 class=\"wp-block-heading\">Pour r\u00e9sumer<\/h2>\n\n\n\n<p>Comme pour le CV, le portfolio et la lettre de motivation, il faut donner envie d\u2019en savoir plus et de susciter la curiosit\u00e9. Vous aurez des \u00eatres humains en face de vous, qui souhaitent vous conna\u00eetre un peu avant de vous int\u00e9grer dans l&rsquo;\u00e9quipe. Apr\u00e8s tout, cela reste une discussion, m\u00eame si elle a des enjeux financiers \u00e0 la clef.<\/p>\n\n\n\n<ul class=\"wp-block-list\"><li>Trouver le juste \u00e9quilibre entre la pr\u00e9paration et la spontan\u00e9it\u00e9<\/li><\/ul>\n\n\n\n<ul class=\"wp-block-list\"><li>Regarder le site et les r\u00e9seaux sociaux de l\u2019entreprise<\/li><\/ul>\n\n\n\n<ul class=\"wp-block-list\"><li>Ne pas mentir<\/li><\/ul>\n\n\n\n<ul class=\"wp-block-list\"><li>Poser des questions<\/li><\/ul>\n\n\n\n<p>Bon courage !<\/p>\n","protected":false},"excerpt":{"rendered":"<p>Vous avez obtenu un entretien de recrutement dans une agence web\u00a0: bravo vous avez pass\u00e9<\/p>\n","protected":false},"author":3,"featured_media":241,"comment_status":"open","ping_status":"open","sticky":false,"template":"","format":"standard","meta":{"footnotes":""},"categories":[8],"tags":[27,11,26,25,14,18],"class_list":["post-239","post","type-post","status-publish","format-standard","has-post-thumbnail","hentry","category-conseils","tag-candidature","tag-conseils","tag-emploi","tag-recrutement","tag-reseaux-sociaux","tag-web"],"yoast_head":"<!-- This site is optimized with the Yoast SEO plugin v23.1 - https:\/\/yoast.com\/wordpress\/plugins\/seo\/ -->\n<title>L\u2019entretien de recrutement en agence web - Les actualit\u00e9s des Forges du Web<\/title>\n<meta name=\"description\" content=\"Apr\u00e8s la candidature, vient l&#039;entretien de recrutement ! Cette phase essentielle pour les recruteurs vous sera expliqu\u00e9e dans cet article.\" \/>\n<meta name=\"robots\" content=\"index, follow, max-snippet:-1, max-image-preview:large, max-video-preview:-1\" \/>\n<link rel=\"canonical\" href=\"https:\/\/lesforgesduweb.fr\/actualites\/entretien-recrutement\/\" \/>\n<meta property=\"og:locale\" content=\"fr_FR\" \/>\n<meta property=\"og:type\" content=\"article\" \/>\n<meta property=\"og:title\" content=\"L\u2019entretien de recrutement en agence web - Les actualit\u00e9s des Forges du Web\" \/>\n<meta property=\"og:description\" content=\"Apr\u00e8s la candidature, vient l&#039;entretien de recrutement ! Cette phase essentielle pour les recruteurs vous sera expliqu\u00e9e dans cet article.\" \/>\n<meta property=\"og:url\" content=\"https:\/\/lesforgesduweb.fr\/actualites\/entretien-recrutement\/\" \/>\n<meta property=\"og:site_name\" content=\"Les actualit\u00e9s des Forges du Web\" \/>\n<meta property=\"article:published_time\" content=\"2022-06-13T07:36:26+00:00\" \/>\n<meta property=\"article:modified_time\" content=\"2022-06-13T07:37:52+00:00\" \/>\n<meta property=\"og:image\" content=\"https:\/\/lesforgesduweb.fr\/actualites\/wp-content\/uploads\/2022\/06\/pexels-tima-miroshnichenko-5439455-scaled.jpg\" \/>\n\t<meta property=\"og:image:width\" content=\"2560\" \/>\n\t<meta property=\"og:image:height\" content=\"1707\" \/>\n\t<meta property=\"og:image:type\" content=\"image\/jpeg\" \/>\n<meta name=\"author\" content=\"Sabine Pasdelou\" \/>\n<meta name=\"twitter:card\" content=\"summary_large_image\" \/>\n<meta name=\"twitter:label1\" content=\"\u00c9crit par\" \/>\n\t<meta name=\"twitter:data1\" content=\"Sabine Pasdelou\" \/>\n\t<meta name=\"twitter:label2\" content=\"Dur\u00e9e de lecture estim\u00e9e\" \/>\n\t<meta name=\"twitter:data2\" content=\"5 minutes\" \/>\n<script type=\"application\/ld+json\" class=\"yoast-schema-graph\">{\"@context\":\"https:\/\/schema.org\",\"@graph\":[{\"@type\":\"Article\",\"@id\":\"https:\/\/lesforgesduweb.fr\/actualites\/entretien-recrutement\/#article\",\"isPartOf\":{\"@id\":\"https:\/\/lesforgesduweb.fr\/actualites\/entretien-recrutement\/\"},\"author\":{\"name\":\"Sabine Pasdelou\",\"@id\":\"https:\/\/lesforgesduweb.fr\/actualites\/#\/schema\/person\/482143fb017541bad9a6f1b66843492f\"},\"headline\":\"L\u2019entretien de recrutement en agence web\",\"datePublished\":\"2022-06-13T07:36:26+00:00\",\"dateModified\":\"2022-06-13T07:37:52+00:00\",\"mainEntityOfPage\":{\"@id\":\"https:\/\/lesforgesduweb.fr\/actualites\/entretien-recrutement\/\"},\"wordCount\":1003,\"commentCount\":0,\"publisher\":{\"@id\":\"https:\/\/lesforgesduweb.fr\/actualites\/#organization\"},\"image\":{\"@id\":\"https:\/\/lesforgesduweb.fr\/actualites\/entretien-recrutement\/#primaryimage\"},\"thumbnailUrl\":\"https:\/\/lesforgesduweb.fr\/actualites\/wp-content\/uploads\/2022\/06\/pexels-tima-miroshnichenko-5439455-scaled.jpg\",\"keywords\":[\"candidature\",\"conseils\",\"emploi\",\"recrutement\",\"r\u00e9seaux sociaux\",\"web\"],\"articleSection\":[\"Conseils\"],\"inLanguage\":\"fr-FR\",\"potentialAction\":[{\"@type\":\"CommentAction\",\"name\":\"Comment\",\"target\":[\"https:\/\/lesforgesduweb.fr\/actualites\/entretien-recrutement\/#respond\"]}]},{\"@type\":\"WebPage\",\"@id\":\"https:\/\/lesforgesduweb.fr\/actualites\/entretien-recrutement\/\",\"url\":\"https:\/\/lesforgesduweb.fr\/actualites\/entretien-recrutement\/\",\"name\":\"L\u2019entretien de recrutement en agence web - Les actualit\u00e9s des Forges du Web\",\"isPartOf\":{\"@id\":\"https:\/\/lesforgesduweb.fr\/actualites\/#website\"},\"primaryImageOfPage\":{\"@id\":\"https:\/\/lesforgesduweb.fr\/actualites\/entretien-recrutement\/#primaryimage\"},\"image\":{\"@id\":\"https:\/\/lesforgesduweb.fr\/actualites\/entretien-recrutement\/#primaryimage\"},\"thumbnailUrl\":\"https:\/\/lesforgesduweb.fr\/actualites\/wp-content\/uploads\/2022\/06\/pexels-tima-miroshnichenko-5439455-scaled.jpg\",\"datePublished\":\"2022-06-13T07:36:26+00:00\",\"dateModified\":\"2022-06-13T07:37:52+00:00\",\"description\":\"Apr\u00e8s la candidature, vient l'entretien de recrutement ! Cette phase essentielle pour les recruteurs vous sera expliqu\u00e9e dans cet article.\",\"breadcrumb\":{\"@id\":\"https:\/\/lesforgesduweb.fr\/actualites\/entretien-recrutement\/#breadcrumb\"},\"inLanguage\":\"fr-FR\",\"potentialAction\":[{\"@type\":\"ReadAction\",\"target\":[\"https:\/\/lesforgesduweb.fr\/actualites\/entretien-recrutement\/\"]}]},{\"@type\":\"ImageObject\",\"inLanguage\":\"fr-FR\",\"@id\":\"https:\/\/lesforgesduweb.fr\/actualites\/entretien-recrutement\/#primaryimage\",\"url\":\"https:\/\/lesforgesduweb.fr\/actualites\/wp-content\/uploads\/2022\/06\/pexels-tima-miroshnichenko-5439455-scaled.jpg\",\"contentUrl\":\"https:\/\/lesforgesduweb.fr\/actualites\/wp-content\/uploads\/2022\/06\/pexels-tima-miroshnichenko-5439455-scaled.jpg\",\"width\":2560,\"height\":1707,\"caption\":\"deux personnes regardant un CV\"},{\"@type\":\"BreadcrumbList\",\"@id\":\"https:\/\/lesforgesduweb.fr\/actualites\/entretien-recrutement\/#breadcrumb\",\"itemListElement\":[{\"@type\":\"ListItem\",\"position\":1,\"name\":\"Accueil\",\"item\":\"https:\/\/lesforgesduweb.fr\/actualites\/\"},{\"@type\":\"ListItem\",\"position\":2,\"name\":\"L\u2019entretien de recrutement en agence web\"}]},{\"@type\":\"WebSite\",\"@id\":\"https:\/\/lesforgesduweb.fr\/actualites\/#website\",\"url\":\"https:\/\/lesforgesduweb.fr\/actualites\/\",\"name\":\"Les actualit\u00e9s des Forges du Web\",\"description\":\"Faites forger votre site web chez nous, l&#039;agence web qui allie rigueur technique et cr\u00e9ativit\u00e9.\",\"publisher\":{\"@id\":\"https:\/\/lesforgesduweb.fr\/actualites\/#organization\"},\"potentialAction\":[{\"@type\":\"SearchAction\",\"target\":{\"@type\":\"EntryPoint\",\"urlTemplate\":\"https:\/\/lesforgesduweb.fr\/actualites\/?s={search_term_string}\"},\"query-input\":\"required name=search_term_string\"}],\"inLanguage\":\"fr-FR\"},{\"@type\":\"Organization\",\"@id\":\"https:\/\/lesforgesduweb.fr\/actualites\/#organization\",\"name\":\"Les Forges du Web\",\"url\":\"https:\/\/lesforgesduweb.fr\/actualites\/\",\"logo\":{\"@type\":\"ImageObject\",\"inLanguage\":\"fr-FR\",\"@id\":\"https:\/\/lesforgesduweb.fr\/actualites\/#\/schema\/logo\/image\/\",\"url\":\"https:\/\/lesforgesduweb.fr\/actualites\/wp-content\/uploads\/2021\/11\/logo_100-png8-8c.png\",\"contentUrl\":\"https:\/\/lesforgesduweb.fr\/actualites\/wp-content\/uploads\/2021\/11\/logo_100-png8-8c.png\",\"width\":100,\"height\":100,\"caption\":\"Les Forges du Web\"},\"image\":{\"@id\":\"https:\/\/lesforgesduweb.fr\/actualites\/#\/schema\/logo\/image\/\"}},{\"@type\":\"Person\",\"@id\":\"https:\/\/lesforgesduweb.fr\/actualites\/#\/schema\/person\/482143fb017541bad9a6f1b66843492f\",\"name\":\"Sabine Pasdelou\",\"image\":{\"@type\":\"ImageObject\",\"inLanguage\":\"fr-FR\",\"@id\":\"https:\/\/lesforgesduweb.fr\/actualites\/#\/schema\/person\/image\/\",\"url\":\"https:\/\/secure.gravatar.com\/avatar\/aef169dbeb5383a6ce3fd773cbce12fe?s=96&d=mm&r=g\",\"contentUrl\":\"https:\/\/secure.gravatar.com\/avatar\/aef169dbeb5383a6ce3fd773cbce12fe?s=96&d=mm&r=g\",\"caption\":\"Sabine Pasdelou\"},\"url\":\"https:\/\/lesforgesduweb.fr\/actualites\/author\/spasdelou\/\"}]}<\/script>\n<!-- \/ Yoast SEO plugin. -->","yoast_head_json":{"title":"L\u2019entretien de recrutement en agence web - Les actualit\u00e9s des Forges du Web","description":"Apr\u00e8s la candidature, vient l'entretien de recrutement ! Cette phase essentielle pour les recruteurs vous sera expliqu\u00e9e dans cet article.","robots":{"index":"index","follow":"follow","max-snippet":"max-snippet:-1","max-image-preview":"max-image-preview:large","max-video-preview":"max-video-preview:-1"},"canonical":"https:\/\/lesforgesduweb.fr\/actualites\/entretien-recrutement\/","og_locale":"fr_FR","og_type":"article","og_title":"L\u2019entretien de recrutement en agence web - Les actualit\u00e9s des Forges du Web","og_description":"Apr\u00e8s la candidature, vient l'entretien de recrutement ! Cette phase essentielle pour les recruteurs vous sera expliqu\u00e9e dans cet article.","og_url":"https:\/\/lesforgesduweb.fr\/actualites\/entretien-recrutement\/","og_site_name":"Les actualit\u00e9s des Forges du Web","article_published_time":"2022-06-13T07:36:26+00:00","article_modified_time":"2022-06-13T07:37:52+00:00","og_image":[{"width":2560,"height":1707,"url":"https:\/\/lesforgesduweb.fr\/actualites\/wp-content\/uploads\/2022\/06\/pexels-tima-miroshnichenko-5439455-scaled.jpg","type":"image\/jpeg"}],"author":"Sabine Pasdelou","twitter_card":"summary_large_image","twitter_misc":{"\u00c9crit par":"Sabine Pasdelou","Dur\u00e9e de lecture estim\u00e9e":"5 minutes"},"schema":{"@context":"https:\/\/schema.org","@graph":[{"@type":"Article","@id":"https:\/\/lesforgesduweb.fr\/actualites\/entretien-recrutement\/#article","isPartOf":{"@id":"https:\/\/lesforgesduweb.fr\/actualites\/entretien-recrutement\/"},"author":{"name":"Sabine Pasdelou","@id":"https:\/\/lesforgesduweb.fr\/actualites\/#\/schema\/person\/482143fb017541bad9a6f1b66843492f"},"headline":"L\u2019entretien de recrutement en agence web","datePublished":"2022-06-13T07:36:26+00:00","dateModified":"2022-06-13T07:37:52+00:00","mainEntityOfPage":{"@id":"https:\/\/lesforgesduweb.fr\/actualites\/entretien-recrutement\/"},"wordCount":1003,"commentCount":0,"publisher":{"@id":"https:\/\/lesforgesduweb.fr\/actualites\/#organization"},"image":{"@id":"https:\/\/lesforgesduweb.fr\/actualites\/entretien-recrutement\/#primaryimage"},"thumbnailUrl":"https:\/\/lesforgesduweb.fr\/actualites\/wp-content\/uploads\/2022\/06\/pexels-tima-miroshnichenko-5439455-scaled.jpg","keywords":["candidature","conseils","emploi","recrutement","r\u00e9seaux sociaux","web"],"articleSection":["Conseils"],"inLanguage":"fr-FR","potentialAction":[{"@type":"CommentAction","name":"Comment","target":["https:\/\/lesforgesduweb.fr\/actualites\/entretien-recrutement\/#respond"]}]},{"@type":"WebPage","@id":"https:\/\/lesforgesduweb.fr\/actualites\/entretien-recrutement\/","url":"https:\/\/lesforgesduweb.fr\/actualites\/entretien-recrutement\/","name":"L\u2019entretien de recrutement en agence web - Les actualit\u00e9s des Forges du Web","isPartOf":{"@id":"https:\/\/lesforgesduweb.fr\/actualites\/#website"},"primaryImageOfPage":{"@id":"https:\/\/lesforgesduweb.fr\/actualites\/entretien-recrutement\/#primaryimage"},"image":{"@id":"https:\/\/lesforgesduweb.fr\/actualites\/entretien-recrutement\/#primaryimage"},"thumbnailUrl":"https:\/\/lesforgesduweb.fr\/actualites\/wp-content\/uploads\/2022\/06\/pexels-tima-miroshnichenko-5439455-scaled.jpg","datePublished":"2022-06-13T07:36:26+00:00","dateModified":"2022-06-13T07:37:52+00:00","description":"Apr\u00e8s la candidature, vient l'entretien de recrutement ! Cette phase essentielle pour les recruteurs vous sera expliqu\u00e9e dans cet article.","breadcrumb":{"@id":"https:\/\/lesforgesduweb.fr\/actualites\/entretien-recrutement\/#breadcrumb"},"inLanguage":"fr-FR","potentialAction":[{"@type":"ReadAction","target":["https:\/\/lesforgesduweb.fr\/actualites\/entretien-recrutement\/"]}]},{"@type":"ImageObject","inLanguage":"fr-FR","@id":"https:\/\/lesforgesduweb.fr\/actualites\/entretien-recrutement\/#primaryimage","url":"https:\/\/lesforgesduweb.fr\/actualites\/wp-content\/uploads\/2022\/06\/pexels-tima-miroshnichenko-5439455-scaled.jpg","contentUrl":"https:\/\/lesforgesduweb.fr\/actualites\/wp-content\/uploads\/2022\/06\/pexels-tima-miroshnichenko-5439455-scaled.jpg","width":2560,"height":1707,"caption":"deux personnes regardant un CV"},{"@type":"BreadcrumbList","@id":"https:\/\/lesforgesduweb.fr\/actualites\/entretien-recrutement\/#breadcrumb","itemListElement":[{"@type":"ListItem","position":1,"name":"Accueil","item":"https:\/\/lesforgesduweb.fr\/actualites\/"},{"@type":"ListItem","position":2,"name":"L\u2019entretien de recrutement en agence web"}]},{"@type":"WebSite","@id":"https:\/\/lesforgesduweb.fr\/actualites\/#website","url":"https:\/\/lesforgesduweb.fr\/actualites\/","name":"Les actualit\u00e9s des Forges du Web","description":"Faites forger votre site web chez nous, l&#039;agence web qui allie rigueur technique et cr\u00e9ativit\u00e9.","publisher":{"@id":"https:\/\/lesforgesduweb.fr\/actualites\/#organization"},"potentialAction":[{"@type":"SearchAction","target":{"@type":"EntryPoint","urlTemplate":"https:\/\/lesforgesduweb.fr\/actualites\/?s={search_term_string}"},"query-input":"required name=search_term_string"}],"inLanguage":"fr-FR"},{"@type":"Organization","@id":"https:\/\/lesforgesduweb.fr\/actualites\/#organization","name":"Les Forges du Web","url":"https:\/\/lesforgesduweb.fr\/actualites\/","logo":{"@type":"ImageObject","inLanguage":"fr-FR","@id":"https:\/\/lesforgesduweb.fr\/actualites\/#\/schema\/logo\/image\/","url":"https:\/\/lesforgesduweb.fr\/actualites\/wp-content\/uploads\/2021\/11\/logo_100-png8-8c.png","contentUrl":"https:\/\/lesforgesduweb.fr\/actualites\/wp-content\/uploads\/2021\/11\/logo_100-png8-8c.png","width":100,"height":100,"caption":"Les Forges du Web"},"image":{"@id":"https:\/\/lesforgesduweb.fr\/actualites\/#\/schema\/logo\/image\/"}},{"@type":"Person","@id":"https:\/\/lesforgesduweb.fr\/actualites\/#\/schema\/person\/482143fb017541bad9a6f1b66843492f","name":"Sabine Pasdelou","image":{"@type":"ImageObject","inLanguage":"fr-FR","@id":"https:\/\/lesforgesduweb.fr\/actualites\/#\/schema\/person\/image\/","url":"https:\/\/secure.gravatar.com\/avatar\/aef169dbeb5383a6ce3fd773cbce12fe?s=96&d=mm&r=g","contentUrl":"https:\/\/secure.gravatar.com\/avatar\/aef169dbeb5383a6ce3fd773cbce12fe?s=96&d=mm&r=g","caption":"Sabine Pasdelou"},"url":"https:\/\/lesforgesduweb.fr\/actualites\/author\/spasdelou\/"}]}},"_links":{"self":[{"href":"https:\/\/lesforgesduweb.fr\/actualites\/wp-json\/wp\/v2\/posts\/239"}],"collection":[{"href":"https:\/\/lesforgesduweb.fr\/actualites\/wp-json\/wp\/v2\/posts"}],"about":[{"href":"https:\/\/lesforgesduweb.fr\/actualites\/wp-json\/wp\/v2\/types\/post"}],"author":[{"embeddable":true,"href":"https:\/\/lesforgesduweb.fr\/actualites\/wp-json\/wp\/v2\/users\/3"}],"replies":[{"embeddable":true,"href":"https:\/\/lesforgesduweb.fr\/actualites\/wp-json\/wp\/v2\/comments?post=239"}],"version-history":[{"count":4,"href":"https:\/\/lesforgesduweb.fr\/actualites\/wp-json\/wp\/v2\/posts\/239\/revisions"}],"predecessor-version":[{"id":245,"href":"https:\/\/lesforgesduweb.fr\/actualites\/wp-json\/wp\/v2\/posts\/239\/revisions\/245"}],"wp:featuredmedia":[{"embeddable":true,"href":"https:\/\/lesforgesduweb.fr\/actualites\/wp-json\/wp\/v2\/media\/241"}],"wp:attachment":[{"href":"https:\/\/lesforgesduweb.fr\/actualites\/wp-json\/wp\/v2\/media?parent=239"}],"wp:term":[{"taxonomy":"category","embeddable":true,"href":"https:\/\/lesforgesduweb.fr\/actualites\/wp-json\/wp\/v2\/categories?post=239"},{"taxonomy":"post_tag","embeddable":true,"href":"https:\/\/lesforgesduweb.fr\/actualites\/wp-json\/wp\/v2\/tags?post=239"}],"curies":[{"name":"wp","href":"https:\/\/api.w.org\/{rel}","templated":true}]}}