{"id":227,"date":"2022-05-11T11:49:19","date_gmt":"2022-05-11T09:49:19","guid":{"rendered":"https:\/\/lesforgesduweb.fr\/actualites\/?p=227"},"modified":"2022-05-11T12:01:31","modified_gmt":"2022-05-11T10:01:31","slug":"europrotect-idf","status":"publish","type":"post","link":"https:\/\/lesforgesduweb.fr\/actualites\/europrotect-idf\/","title":{"rendered":"Europrotect IdF brise la barri\u00e8re entre professionnels et particuliers"},"content":{"rendered":"\n<figure class=\"wp-block-image size-full\"><img loading=\"lazy\" decoding=\"async\" width=\"806\" height=\"399\" src=\"https:\/\/lesforgesduweb.fr\/actualites\/wp-content\/uploads\/2022\/05\/banniere-accueil-europrotect.png\" alt=\"Accueil du site web Europrotect IdF\" class=\"wp-image-231\" srcset=\"https:\/\/lesforgesduweb.fr\/actualites\/wp-content\/uploads\/2022\/05\/banniere-accueil-europrotect.png 806w, https:\/\/lesforgesduweb.fr\/actualites\/wp-content\/uploads\/2022\/05\/banniere-accueil-europrotect-300x149.png 300w, https:\/\/lesforgesduweb.fr\/actualites\/wp-content\/uploads\/2022\/05\/banniere-accueil-europrotect-768x380.png 768w\" sizes=\"(max-width: 806px) 100vw, 806px\" \/><figcaption>Site web Europrotect IdF<\/figcaption><\/figure>\n\n\n\n<p>Connaissez-vous <a href=\"https:\/\/europrotect-idf.fr\/\">Europrotect<\/a> IdF<a href=\"https:\/\/europrotect-idf.fr\/\">&nbsp;<\/a>? Pas encore&nbsp;? Nous allons vous pr\u00e9senter notre collaboration avec ces professionnels de qualit\u00e9. Il s\u2019agit d\u2019une entreprise familiale proposant des syst\u00e8mes de fermeture et des cl\u00f4tures aussi bien aux particuliers qu\u2019aux professionnels. Implant\u00e9e depuis 1994, la soci\u00e9t\u00e9 a constitu\u00e9 des partenariats avec plusieurs maisons italiennes sp\u00e9cialis\u00e9es dans le design de portes ainsi que des marques fran\u00e7aises de cl\u00f4tures. Nous avons \u00e9t\u00e9 mis en contact avec <a href=\"https:\/\/europrotect-idf.fr\/\">Europrotect<\/a> IdF gr\u00e2ce \u00e0 un coach en entreprise qui les conseille dans leur strat\u00e9gie d\u2019affaires avec lequel nous sommes en relation depuis environ un an. Nous le remercions encore pour cette mise en contact. Lorsqu\u2019il a eu connaissance des besoins de cette entreprise, il a pens\u00e9 \u00e0 nous.<\/p>\n\n\n\n<h2 class=\"wp-block-heading\"><strong>Europrotect IdF : Un site web double<\/strong><\/h2>\n\n\n\n<p><a href=\"https:\/\/europrotect-idf.fr\/\">Europrotect<\/a> IdF poss\u00e9dait un site web en ligne depuis une dizaine d\u2019ann\u00e9es. Nous avons totalement repens\u00e9 ce site pour r\u00e9pondre au mieux \u00e0 leurs attentes. Le but \u00e9tant de correspondre aux tendances design mais aussi surtout pour refl\u00e9ter la qualit\u00e9 des produits qu\u2019ils proposent. Ils souhaitaient donc avoir un site web permettant de mettre en avant leur professionnalisme, la qualit\u00e9 de leurs produits et \u00e9galement de donner l\u2019actualit\u00e9 de l\u2019entreprise (participation \u00e0 des foires ou des salons par exemple). Leur probl\u00e9matique principale \u00e9tait de pr\u00e9senter leur activit\u00e9 \u00e0 deux cibles diff\u00e9rentes&nbsp;: les particuliers et les professionnels. Il a donc fallu leur proposer un <a href=\"https:\/\/lesforgesduweb.fr\/site-web\">site web<\/a> d\u00e9velopp\u00e9 sur mesure, parlant \u00e0 tout le monde, tout en pr\u00e9sentant les bons produits aux bons profils.<\/p>\n\n\n\n<h2 class=\"wp-block-heading\"><strong>Un travail d&rsquo;\u00e9quipe !<\/strong><\/h2>\n\n\n\n<p>Nous avons demand\u00e9 \u00e0 <a href=\"https:\/\/europrotect-idf.fr\/\">Europrotect<\/a> IdF de nous fournir des visuels ainsi que quelques \u00e9l\u00e9ments textuels pour pr\u00e9senter au mieux leur activit\u00e9. Nous partons du principe que les personnes les mieux plac\u00e9es pour parler de leur activit\u00e9 sont les professionnels eux-m\u00eames, en l\u2019occurrence <a href=\"https:\/\/europrotect-idf.fr\/\">Europrotect<\/a> IdF. Toutefois, l\u2019\u00e9criture de contenu implique des comp\u00e9tences r\u00e9dactionnelles et de faire attention au <a href=\"https:\/\/lesforgesduweb.fr\/actualites\/seo-le-referencement-sur-google\/\">r\u00e9f\u00e9rencement naturel<\/a>. Aussi, nous avons r\u00e9dig\u00e9 les textes de chaque page du site en prenant en compte les informations fournies au pr\u00e9alable par le client.<\/p>\n\n\n\n<h2 class=\"wp-block-heading\"><strong>Communiquer sur une entreprise familiale<\/strong><\/h2>\n\n\n\n<p><a href=\"https:\/\/europrotect-idf.fr\/\">Europrotect<\/a> IdF voulait un site \u00e9l\u00e9gant et comprenant des animations r\u00e9currentes. Pour \u00e9viter le surplus d\u2019animation, nuisant \u00e0 l\u2019exp\u00e9rience client, nous avons opt\u00e9 pour des animations discr\u00e8tes et \u00e9l\u00e9gantes. Concernant les visuels, nous avons demand\u00e9 \u00e0 <a href=\"https:\/\/europrotect-idf.fr\/\">Europrotect<\/a> IdF de prendre des photos du b\u00e2timent et des ateliers, car nous savions que l\u2019une des membres de la famille g\u00e9rant la soci\u00e9t\u00e9 \u00e9tait photographe. Un beau travail d\u2019\u00e9quipe en somme&nbsp;! Par ailleurs, nous leur avons propos\u00e9 de mettre en place une offre de maintenance pour mettre en avant leurs actualit\u00e9s sans qu\u2019ils aient \u00e0 se soucier de la mise en page.<\/p>\n\n\n\n<p>Afin de continuer cette collaboration et d\u2019accompagner au mieux notre client, nous avons d\u00e9cid\u00e9 de tout inclure dans cette offre de maintenance. Le but principal \u00e9tait d\u2019effectuer pour eux toutes les petites op\u00e9rations n\u00e9cessaires \u00e0 la vie du web et de continuer de poster le contenu qu\u2019ils nous fournissent car, n\u2019effectuant pas de blogging, l\u2019entreprise <a href=\"https:\/\/europrotect-idf.fr\/\">Europrotect<\/a> IdF n\u2019a que peu d\u2019\u00e9l\u00e9ments \u00e0 poster par elle-m\u00eame.<\/p>\n\n\n\n<figure class=\"wp-block-embed is-type-video is-provider-youtube wp-block-embed-youtube wp-embed-aspect-16-9 wp-has-aspect-ratio\"><div class=\"wp-block-embed__wrapper\">\n<iframe loading=\"lazy\" title=\"Europrotect IdF brise la barri\u00e8re entre professionnels et particuliers\" width=\"640\" height=\"360\" src=\"https:\/\/www.youtube.com\/embed\/61q7_FqVpdw?feature=oembed\" frameborder=\"0\" allow=\"accelerometer; autoplay; clipboard-write; encrypted-media; gyroscope; picture-in-picture; web-share\" referrerpolicy=\"strict-origin-when-cross-origin\" allowfullscreen><\/iframe>\n<\/div><\/figure>\n","protected":false},"excerpt":{"rendered":"<p>Connaissez-vous Europrotect IdF&nbsp;? Pas encore&nbsp;? Nous allons vous pr\u00e9senter notre collaboration avec ces professionnels de<\/p>\n","protected":false},"author":2,"featured_media":231,"comment_status":"open","ping_status":"open","sticky":false,"template":"","format":"standard","meta":{"footnotes":""},"categories":[5],"tags":[11,20,10,9,17],"class_list":["post-227","post","type-post","status-publish","format-standard","has-post-thumbnail","hentry","category-storytelling","tag-conseils","tag-design","tag-referencement","tag-seo","tag-site-web"],"yoast_head":"<!-- This site is optimized with the Yoast SEO plugin v23.1 - https:\/\/yoast.com\/wordpress\/plugins\/seo\/ -->\n<title>Europrotect IdF brise la barri\u00e8re entre professionnels et particuliers<\/title>\n<meta name=\"description\" content=\"Success story : Europrotect IdF, un site web repens\u00e9 sur mesure pour r\u00e9pondre \u00e0 la probl\u00e9matique de la double cible.\" \/>\n<meta name=\"robots\" content=\"index, follow, max-snippet:-1, max-image-preview:large, max-video-preview:-1\" \/>\n<link rel=\"canonical\" href=\"https:\/\/lesforgesduweb.fr\/actualites\/europrotect-idf\/\" \/>\n<meta property=\"og:locale\" content=\"fr_FR\" \/>\n<meta property=\"og:type\" content=\"article\" \/>\n<meta property=\"og:title\" content=\"Europrotect IdF brise la barri\u00e8re entre professionnels et particuliers\" \/>\n<meta property=\"og:description\" content=\"Success story : Europrotect IdF, un site web repens\u00e9 sur mesure pour r\u00e9pondre \u00e0 la probl\u00e9matique de la double cible.\" \/>\n<meta property=\"og:url\" content=\"https:\/\/lesforgesduweb.fr\/actualites\/europrotect-idf\/\" \/>\n<meta property=\"og:site_name\" content=\"Les actualit\u00e9s des Forges du Web\" \/>\n<meta property=\"article:published_time\" content=\"2022-05-11T09:49:19+00:00\" \/>\n<meta property=\"article:modified_time\" content=\"2022-05-11T10:01:31+00:00\" \/>\n<meta property=\"og:image\" content=\"https:\/\/lesforgesduweb.fr\/actualites\/wp-content\/uploads\/2022\/05\/banniere-accueil-europrotect.png\" \/>\n\t<meta property=\"og:image:width\" content=\"806\" \/>\n\t<meta property=\"og:image:height\" content=\"399\" \/>\n\t<meta property=\"og:image:type\" content=\"image\/png\" \/>\n<meta name=\"author\" content=\"Camille H\u00e9non\" \/>\n<meta name=\"twitter:card\" content=\"summary_large_image\" \/>\n<meta name=\"twitter:label1\" content=\"\u00c9crit par\" \/>\n\t<meta name=\"twitter:data1\" content=\"Camille H\u00e9non\" \/>\n\t<meta name=\"twitter:label2\" content=\"Dur\u00e9e de lecture estim\u00e9e\" \/>\n\t<meta name=\"twitter:data2\" content=\"3 minutes\" \/>\n<script type=\"application\/ld+json\" class=\"yoast-schema-graph\">{\"@context\":\"https:\/\/schema.org\",\"@graph\":[{\"@type\":\"Article\",\"@id\":\"https:\/\/lesforgesduweb.fr\/actualites\/europrotect-idf\/#article\",\"isPartOf\":{\"@id\":\"https:\/\/lesforgesduweb.fr\/actualites\/europrotect-idf\/\"},\"author\":{\"name\":\"Camille H\u00e9non\",\"@id\":\"https:\/\/lesforgesduweb.fr\/actualites\/#\/schema\/person\/dc970c5b240f5f21a514e8ff876fc9f4\"},\"headline\":\"Europrotect IdF brise la barri\u00e8re entre professionnels et particuliers\",\"datePublished\":\"2022-05-11T09:49:19+00:00\",\"dateModified\":\"2022-05-11T10:01:31+00:00\",\"mainEntityOfPage\":{\"@id\":\"https:\/\/lesforgesduweb.fr\/actualites\/europrotect-idf\/\"},\"wordCount\":577,\"commentCount\":0,\"publisher\":{\"@id\":\"https:\/\/lesforgesduweb.fr\/actualites\/#organization\"},\"image\":{\"@id\":\"https:\/\/lesforgesduweb.fr\/actualites\/europrotect-idf\/#primaryimage\"},\"thumbnailUrl\":\"https:\/\/lesforgesduweb.fr\/actualites\/wp-content\/uploads\/2022\/05\/banniere-accueil-europrotect.png\",\"keywords\":[\"conseils\",\"design\",\"r\u00e9f\u00e9rencement\",\"seo\",\"site web\"],\"articleSection\":[\"Storytelling\"],\"inLanguage\":\"fr-FR\",\"potentialAction\":[{\"@type\":\"CommentAction\",\"name\":\"Comment\",\"target\":[\"https:\/\/lesforgesduweb.fr\/actualites\/europrotect-idf\/#respond\"]}]},{\"@type\":\"WebPage\",\"@id\":\"https:\/\/lesforgesduweb.fr\/actualites\/europrotect-idf\/\",\"url\":\"https:\/\/lesforgesduweb.fr\/actualites\/europrotect-idf\/\",\"name\":\"Europrotect IdF brise la barri\u00e8re entre professionnels et particuliers\",\"isPartOf\":{\"@id\":\"https:\/\/lesforgesduweb.fr\/actualites\/#website\"},\"primaryImageOfPage\":{\"@id\":\"https:\/\/lesforgesduweb.fr\/actualites\/europrotect-idf\/#primaryimage\"},\"image\":{\"@id\":\"https:\/\/lesforgesduweb.fr\/actualites\/europrotect-idf\/#primaryimage\"},\"thumbnailUrl\":\"https:\/\/lesforgesduweb.fr\/actualites\/wp-content\/uploads\/2022\/05\/banniere-accueil-europrotect.png\",\"datePublished\":\"2022-05-11T09:49:19+00:00\",\"dateModified\":\"2022-05-11T10:01:31+00:00\",\"description\":\"Success story : Europrotect IdF, un site web repens\u00e9 sur mesure pour r\u00e9pondre \u00e0 la probl\u00e9matique de la double cible.\",\"breadcrumb\":{\"@id\":\"https:\/\/lesforgesduweb.fr\/actualites\/europrotect-idf\/#breadcrumb\"},\"inLanguage\":\"fr-FR\",\"potentialAction\":[{\"@type\":\"ReadAction\",\"target\":[\"https:\/\/lesforgesduweb.fr\/actualites\/europrotect-idf\/\"]}]},{\"@type\":\"ImageObject\",\"inLanguage\":\"fr-FR\",\"@id\":\"https:\/\/lesforgesduweb.fr\/actualites\/europrotect-idf\/#primaryimage\",\"url\":\"https:\/\/lesforgesduweb.fr\/actualites\/wp-content\/uploads\/2022\/05\/banniere-accueil-europrotect.png\",\"contentUrl\":\"https:\/\/lesforgesduweb.fr\/actualites\/wp-content\/uploads\/2022\/05\/banniere-accueil-europrotect.png\",\"width\":806,\"height\":399,\"caption\":\"logo europrotect idf\"},{\"@type\":\"BreadcrumbList\",\"@id\":\"https:\/\/lesforgesduweb.fr\/actualites\/europrotect-idf\/#breadcrumb\",\"itemListElement\":[{\"@type\":\"ListItem\",\"position\":1,\"name\":\"Accueil\",\"item\":\"https:\/\/lesforgesduweb.fr\/actualites\/\"},{\"@type\":\"ListItem\",\"position\":2,\"name\":\"Europrotect IdF brise la barri\u00e8re entre professionnels et particuliers\"}]},{\"@type\":\"WebSite\",\"@id\":\"https:\/\/lesforgesduweb.fr\/actualites\/#website\",\"url\":\"https:\/\/lesforgesduweb.fr\/actualites\/\",\"name\":\"Les actualit\u00e9s des Forges du Web\",\"description\":\"Faites forger votre site web chez nous, l&#039;agence web qui allie rigueur technique et cr\u00e9ativit\u00e9.\",\"publisher\":{\"@id\":\"https:\/\/lesforgesduweb.fr\/actualites\/#organization\"},\"potentialAction\":[{\"@type\":\"SearchAction\",\"target\":{\"@type\":\"EntryPoint\",\"urlTemplate\":\"https:\/\/lesforgesduweb.fr\/actualites\/?s={search_term_string}\"},\"query-input\":\"required name=search_term_string\"}],\"inLanguage\":\"fr-FR\"},{\"@type\":\"Organization\",\"@id\":\"https:\/\/lesforgesduweb.fr\/actualites\/#organization\",\"name\":\"Les Forges du Web\",\"url\":\"https:\/\/lesforgesduweb.fr\/actualites\/\",\"logo\":{\"@type\":\"ImageObject\",\"inLanguage\":\"fr-FR\",\"@id\":\"https:\/\/lesforgesduweb.fr\/actualites\/#\/schema\/logo\/image\/\",\"url\":\"https:\/\/lesforgesduweb.fr\/actualites\/wp-content\/uploads\/2021\/11\/logo_100-png8-8c.png\",\"contentUrl\":\"https:\/\/lesforgesduweb.fr\/actualites\/wp-content\/uploads\/2021\/11\/logo_100-png8-8c.png\",\"width\":100,\"height\":100,\"caption\":\"Les Forges du Web\"},\"image\":{\"@id\":\"https:\/\/lesforgesduweb.fr\/actualites\/#\/schema\/logo\/image\/\"}},{\"@type\":\"Person\",\"@id\":\"https:\/\/lesforgesduweb.fr\/actualites\/#\/schema\/person\/dc970c5b240f5f21a514e8ff876fc9f4\",\"name\":\"Camille H\u00e9non\",\"image\":{\"@type\":\"ImageObject\",\"inLanguage\":\"fr-FR\",\"@id\":\"https:\/\/lesforgesduweb.fr\/actualites\/#\/schema\/person\/image\/\",\"url\":\"https:\/\/secure.gravatar.com\/avatar\/eed88ea0922fed322abb7227bccd20f9?s=96&d=mm&r=g\",\"contentUrl\":\"https:\/\/secure.gravatar.com\/avatar\/eed88ea0922fed322abb7227bccd20f9?s=96&d=mm&r=g\",\"caption\":\"Camille H\u00e9non\"},\"url\":\"https:\/\/lesforgesduweb.fr\/actualites\/author\/chenon\/\"}]}<\/script>\n<!-- \/ Yoast SEO plugin. -->","yoast_head_json":{"title":"Europrotect IdF brise la barri\u00e8re entre professionnels et particuliers","description":"Success story : Europrotect IdF, un site web repens\u00e9 sur mesure pour r\u00e9pondre \u00e0 la probl\u00e9matique de la double cible.","robots":{"index":"index","follow":"follow","max-snippet":"max-snippet:-1","max-image-preview":"max-image-preview:large","max-video-preview":"max-video-preview:-1"},"canonical":"https:\/\/lesforgesduweb.fr\/actualites\/europrotect-idf\/","og_locale":"fr_FR","og_type":"article","og_title":"Europrotect IdF brise la barri\u00e8re entre professionnels et particuliers","og_description":"Success story : Europrotect IdF, un site web repens\u00e9 sur mesure pour r\u00e9pondre \u00e0 la probl\u00e9matique de la double cible.","og_url":"https:\/\/lesforgesduweb.fr\/actualites\/europrotect-idf\/","og_site_name":"Les actualit\u00e9s des Forges du Web","article_published_time":"2022-05-11T09:49:19+00:00","article_modified_time":"2022-05-11T10:01:31+00:00","og_image":[{"width":806,"height":399,"url":"https:\/\/lesforgesduweb.fr\/actualites\/wp-content\/uploads\/2022\/05\/banniere-accueil-europrotect.png","type":"image\/png"}],"author":"Camille H\u00e9non","twitter_card":"summary_large_image","twitter_misc":{"\u00c9crit par":"Camille H\u00e9non","Dur\u00e9e de lecture estim\u00e9e":"3 minutes"},"schema":{"@context":"https:\/\/schema.org","@graph":[{"@type":"Article","@id":"https:\/\/lesforgesduweb.fr\/actualites\/europrotect-idf\/#article","isPartOf":{"@id":"https:\/\/lesforgesduweb.fr\/actualites\/europrotect-idf\/"},"author":{"name":"Camille H\u00e9non","@id":"https:\/\/lesforgesduweb.fr\/actualites\/#\/schema\/person\/dc970c5b240f5f21a514e8ff876fc9f4"},"headline":"Europrotect IdF brise la barri\u00e8re entre professionnels et particuliers","datePublished":"2022-05-11T09:49:19+00:00","dateModified":"2022-05-11T10:01:31+00:00","mainEntityOfPage":{"@id":"https:\/\/lesforgesduweb.fr\/actualites\/europrotect-idf\/"},"wordCount":577,"commentCount":0,"publisher":{"@id":"https:\/\/lesforgesduweb.fr\/actualites\/#organization"},"image":{"@id":"https:\/\/lesforgesduweb.fr\/actualites\/europrotect-idf\/#primaryimage"},"thumbnailUrl":"https:\/\/lesforgesduweb.fr\/actualites\/wp-content\/uploads\/2022\/05\/banniere-accueil-europrotect.png","keywords":["conseils","design","r\u00e9f\u00e9rencement","seo","site web"],"articleSection":["Storytelling"],"inLanguage":"fr-FR","potentialAction":[{"@type":"CommentAction","name":"Comment","target":["https:\/\/lesforgesduweb.fr\/actualites\/europrotect-idf\/#respond"]}]},{"@type":"WebPage","@id":"https:\/\/lesforgesduweb.fr\/actualites\/europrotect-idf\/","url":"https:\/\/lesforgesduweb.fr\/actualites\/europrotect-idf\/","name":"Europrotect IdF brise la barri\u00e8re entre professionnels et particuliers","isPartOf":{"@id":"https:\/\/lesforgesduweb.fr\/actualites\/#website"},"primaryImageOfPage":{"@id":"https:\/\/lesforgesduweb.fr\/actualites\/europrotect-idf\/#primaryimage"},"image":{"@id":"https:\/\/lesforgesduweb.fr\/actualites\/europrotect-idf\/#primaryimage"},"thumbnailUrl":"https:\/\/lesforgesduweb.fr\/actualites\/wp-content\/uploads\/2022\/05\/banniere-accueil-europrotect.png","datePublished":"2022-05-11T09:49:19+00:00","dateModified":"2022-05-11T10:01:31+00:00","description":"Success story : Europrotect IdF, un site web repens\u00e9 sur mesure pour r\u00e9pondre \u00e0 la probl\u00e9matique de la double cible.","breadcrumb":{"@id":"https:\/\/lesforgesduweb.fr\/actualites\/europrotect-idf\/#breadcrumb"},"inLanguage":"fr-FR","potentialAction":[{"@type":"ReadAction","target":["https:\/\/lesforgesduweb.fr\/actualites\/europrotect-idf\/"]}]},{"@type":"ImageObject","inLanguage":"fr-FR","@id":"https:\/\/lesforgesduweb.fr\/actualites\/europrotect-idf\/#primaryimage","url":"https:\/\/lesforgesduweb.fr\/actualites\/wp-content\/uploads\/2022\/05\/banniere-accueil-europrotect.png","contentUrl":"https:\/\/lesforgesduweb.fr\/actualites\/wp-content\/uploads\/2022\/05\/banniere-accueil-europrotect.png","width":806,"height":399,"caption":"logo europrotect idf"},{"@type":"BreadcrumbList","@id":"https:\/\/lesforgesduweb.fr\/actualites\/europrotect-idf\/#breadcrumb","itemListElement":[{"@type":"ListItem","position":1,"name":"Accueil","item":"https:\/\/lesforgesduweb.fr\/actualites\/"},{"@type":"ListItem","position":2,"name":"Europrotect IdF brise la barri\u00e8re entre professionnels et particuliers"}]},{"@type":"WebSite","@id":"https:\/\/lesforgesduweb.fr\/actualites\/#website","url":"https:\/\/lesforgesduweb.fr\/actualites\/","name":"Les actualit\u00e9s des Forges du Web","description":"Faites forger votre site web chez nous, l&#039;agence web qui allie rigueur technique et cr\u00e9ativit\u00e9.","publisher":{"@id":"https:\/\/lesforgesduweb.fr\/actualites\/#organization"},"potentialAction":[{"@type":"SearchAction","target":{"@type":"EntryPoint","urlTemplate":"https:\/\/lesforgesduweb.fr\/actualites\/?s={search_term_string}"},"query-input":"required name=search_term_string"}],"inLanguage":"fr-FR"},{"@type":"Organization","@id":"https:\/\/lesforgesduweb.fr\/actualites\/#organization","name":"Les Forges du Web","url":"https:\/\/lesforgesduweb.fr\/actualites\/","logo":{"@type":"ImageObject","inLanguage":"fr-FR","@id":"https:\/\/lesforgesduweb.fr\/actualites\/#\/schema\/logo\/image\/","url":"https:\/\/lesforgesduweb.fr\/actualites\/wp-content\/uploads\/2021\/11\/logo_100-png8-8c.png","contentUrl":"https:\/\/lesforgesduweb.fr\/actualites\/wp-content\/uploads\/2021\/11\/logo_100-png8-8c.png","width":100,"height":100,"caption":"Les Forges du Web"},"image":{"@id":"https:\/\/lesforgesduweb.fr\/actualites\/#\/schema\/logo\/image\/"}},{"@type":"Person","@id":"https:\/\/lesforgesduweb.fr\/actualites\/#\/schema\/person\/dc970c5b240f5f21a514e8ff876fc9f4","name":"Camille H\u00e9non","image":{"@type":"ImageObject","inLanguage":"fr-FR","@id":"https:\/\/lesforgesduweb.fr\/actualites\/#\/schema\/person\/image\/","url":"https:\/\/secure.gravatar.com\/avatar\/eed88ea0922fed322abb7227bccd20f9?s=96&d=mm&r=g","contentUrl":"https:\/\/secure.gravatar.com\/avatar\/eed88ea0922fed322abb7227bccd20f9?s=96&d=mm&r=g","caption":"Camille H\u00e9non"},"url":"https:\/\/lesforgesduweb.fr\/actualites\/author\/chenon\/"}]}},"_links":{"self":[{"href":"https:\/\/lesforgesduweb.fr\/actualites\/wp-json\/wp\/v2\/posts\/227"}],"collection":[{"href":"https:\/\/lesforgesduweb.fr\/actualites\/wp-json\/wp\/v2\/posts"}],"about":[{"href":"https:\/\/lesforgesduweb.fr\/actualites\/wp-json\/wp\/v2\/types\/post"}],"author":[{"embeddable":true,"href":"https:\/\/lesforgesduweb.fr\/actualites\/wp-json\/wp\/v2\/users\/2"}],"replies":[{"embeddable":true,"href":"https:\/\/lesforgesduweb.fr\/actualites\/wp-json\/wp\/v2\/comments?post=227"}],"version-history":[{"count":5,"href":"https:\/\/lesforgesduweb.fr\/actualites\/wp-json\/wp\/v2\/posts\/227\/revisions"}],"predecessor-version":[{"id":236,"href":"https:\/\/lesforgesduweb.fr\/actualites\/wp-json\/wp\/v2\/posts\/227\/revisions\/236"}],"wp:featuredmedia":[{"embeddable":true,"href":"https:\/\/lesforgesduweb.fr\/actualites\/wp-json\/wp\/v2\/media\/231"}],"wp:attachment":[{"href":"https:\/\/lesforgesduweb.fr\/actualites\/wp-json\/wp\/v2\/media?parent=227"}],"wp:term":[{"taxonomy":"category","embeddable":true,"href":"https:\/\/lesforgesduweb.fr\/actualites\/wp-json\/wp\/v2\/categories?post=227"},{"taxonomy":"post_tag","embeddable":true,"href":"https:\/\/lesforgesduweb.fr\/actualites\/wp-json\/wp\/v2\/tags?post=227"}],"curies":[{"name":"wp","href":"https:\/\/api.w.org\/{rel}","templated":true}]}}