{"id":218,"date":"2022-04-21T15:12:40","date_gmt":"2022-04-21T13:12:40","guid":{"rendered":"https:\/\/lesforgesduweb.fr\/actualites\/?p=218"},"modified":"2022-04-21T15:12:41","modified_gmt":"2022-04-21T13:12:41","slug":"candidater-agence-web","status":"publish","type":"post","link":"https:\/\/lesforgesduweb.fr\/actualites\/candidater-agence-web\/","title":{"rendered":"Candidater dans une agence web\u00a0: regard de recruteurs"},"content":{"rendered":"\n<p>Vous souhaitez travailler dans le web&nbsp;? Vous avez peut-\u00eatre besoin de quelques conseils sur la mani\u00e8re de candidater. Cet article s\u2019adresse plus particuli\u00e8rement aux \u00e9tudiants bient\u00f4t dipl\u00f4m\u00e9s ou celles et ceux en recherche d\u2019alternance. Pourquoi&nbsp;? Parce que ce sont des profils que nous avons r\u00e9cemment recrut\u00e9s, et qu\u2019en tant qu\u2019enseignants dans le sup\u00e9rieur, nous sommes habitu\u00e9s \u00e0 leur profil. Nous&nbsp;? Alexandre et Sabine&nbsp;: Alexandre est ing\u00e9nieur et d\u00e9veloppeur, Sabine est docteure en histoire de l\u2019art et directrice artistique. Nous sommes les fondateurs de l\u2019agence des Forges du Web et avons recrut\u00e9 3 juniors pour nous aider dans nos missions. Nous allons donc vous pr\u00e9senter notre vision du m\u00e9tier en tant que recruteurs. Nous allons parler de la premi\u00e8re \u00e9tape, et sans doute la plus difficile&nbsp;: la candidature.<\/p>\n\n\n\n<h2 class=\"wp-block-heading\">Un CV montrant votre sens de l\u2019art<\/h2>\n\n\n\n<p>Le CV&nbsp;: d\u2019embl\u00e9e l\u2019image va jouer en votre faveur, ou vous nuire. Travailler dans le web implique un sens du design, de l\u2019esth\u00e9tique, de la composition et de la structure, entre autres.<\/p>\n\n\n\n<p>Il existe des logiciels en ligne qui vous permettent de cr\u00e9er des visuels sans r\u00e9elle ma\u00eetrise des logiciels PAO. <a href=\"https:\/\/www.canva.com\/fr_fr\/\" target=\"_blank\" rel=\"noreferrer noopener\">Canva<\/a> est tr\u00e8s tendance en ce moment. Toutefois, nous recevons plein de CV et nous voyons plein de posts sur les r\u00e9seaux sociaux qui montrent un usage intempestif de Canva. C\u2019est un outil pratique, mais dans une agence web, en g\u00e9n\u00e9ral, les candidats sont cens\u00e9s conna\u00eetre au minimum ces logiciels de PAO. Si vous ne les connaissez pas, soyez pr\u00eats \u00e0 vous former. On ne peut pas tout faire avec Canva, et le design se rep\u00e8re \u00e0 des kilom\u00e8tres.<\/p>\n\n\n\n<p>Nous vous conseillons aussi de montrer ce que vous avez r\u00e9alis\u00e9 dans le pass\u00e9. M\u00eame les projets amateurs ou qui ne vous plaisent pas trop. Les candidatures que nous avons retenues comportaient d\u2019anciens projets (infographie et d\u00e9veloppement). Nous avons appr\u00e9ci\u00e9 ce geste, car cela montre la motivation, et l\u2019int\u00e9r\u00eat pour son futur m\u00e9tier.<\/p>\n\n\n\n<h2 class=\"wp-block-heading\">L\u2019int\u00e9r\u00eat de la lettre de motivation pour candidater<\/h2>\n\n\n\n<p>Il y a eu r\u00e9cemment un questionnement profond autour de la pertinence ou non du CV et de la lettre de motivation. Nous faisons partie de la team \u00ab&nbsp;CV + Lettre de motivation&nbsp;\u00bb (et m\u00eame id\u00e9alement un portfolio). Pourquoi&nbsp;? Parce que votre mani\u00e8re de vous pr\u00e9senter sur une page et de r\u00e9diger une lettre de motivation permet de voir rapidement \u00e0 qui on a affaire. Ne soyons pas hypocrites&nbsp;: une personne qui nous envoie un email pour dire de mani\u00e8re concise qu\u2019iel veut candidater chez nous avec un CV standard envoy\u00e9 \u00e0 tous nos concurrents ne nous amuse pas.<\/p>\n\n\n\n<p>La lettre&nbsp;: elle dit certaines choses de vous. Votre mani\u00e8re d\u2019\u00e9crire, votre style, votre culture et surtout votre parcours. Il est vrai que l\u2019entretien est utile pour conna\u00eetre le candidat. Toutefois, un CV r\u00e9v\u00e9lant le manque d\u2019exp\u00e9rience peut \u00eatre expliqu\u00e9 dans une lettre. Nous avons recrut\u00e9 Auriane en tant que d\u00e9veloppeuse. Elle \u00e9tait en reconversion et n\u2019avait aucune formation en tant que d\u00e9veloppeuse. C\u2019est son profil et son parcours global qui nous ont plu dans un premier temps. Elle a su expliquer son projet de carri\u00e8re dans sa lettre de motivation et cela nous a donn\u00e9 envie de la rencontrer.<\/p>\n\n\n\n<h2 class=\"wp-block-heading\">Candidater de mani\u00e8re personnalis\u00e9e<\/h2>\n\n\n\n<p>De la m\u00eame mani\u00e8re, nous vous conseillons de faire des postulations personnalis\u00e9es. Rien de plus ennuyant, voire vexant, que de recevoir un message envoy\u00e9 1000 fois \u00e0 d\u2019autres agences. Nous recherchons des personnes qui souhaitent aussi travailler avec nous, et chez nous. Nous ne sommes pas na\u00effs, et connaissons les probl\u00e9matiques de vie de tout \u00e0 chacun. Nous sommes pass\u00e9s par l\u00e0. Mais candidater sans savoir ce que nous faisons, qui nous sommes, etc., cela vous garantit que nous ne r\u00e9pondrons jamais \u00e0 votre candidature.<\/p>\n\n\n\n<p>Nous savons que c\u2019est frustrant de ne pas recevoir de retour sur sa candidature. C\u2019est tout aussi vexant que de recevoir une candidature qui montre un d\u00e9sint\u00e9r\u00eat pour notre agence, qui est le reflet de nos personnalit\u00e9s respectives et de tout ce que nous avons plac\u00e9 comme ambition dans ce projet. Nous ne demanderons jamais un investissement aussi cons\u00e9quent que le n\u00f4tre, mais de ne pas nous traiter de mani\u00e8re impersonnelle. Les dirigeants de petite agence investissent beaucoup de temps et d\u2019\u00e9nergie pour la faire vivre. Recruter une personne est un risque pour nous aussi.<\/p>\n\n\n\n<p>Aussi, d\u00e8s que vous choisissez de candidater pour travailler dans une agence web, c\u2019est parce que vous aurez regard\u00e9 son site et ce qu\u2019elle propose.<\/p>\n\n\n\n<h2 class=\"wp-block-heading\">Pour r\u00e9sumer<\/h2>\n\n\n\n<ul class=\"wp-block-list\"><li>Donner envie de vous rencontrer (CV au design recherch\u00e9, parler de son parcours dans la lettre)<\/li><li>Si possible, envoyer un portfolio<\/li><li>Faire une candidature personnalis\u00e9e<\/li><\/ul>\n\n\n\n<p>Prochain article : l&rsquo;entretien de recrutement !<\/p>\n","protected":false},"excerpt":{"rendered":"<p>Vous souhaitez travailler dans le web&nbsp;? Vous avez peut-\u00eatre besoin de quelques conseils sur la<\/p>\n","protected":false},"author":3,"featured_media":221,"comment_status":"open","ping_status":"open","sticky":false,"template":"","format":"standard","meta":{"footnotes":""},"categories":[8],"tags":[24,11,26,25,18],"class_list":["post-218","post","type-post","status-publish","format-standard","has-post-thumbnail","hentry","category-conseils","tag-candidater","tag-conseils","tag-emploi","tag-recrutement","tag-web"],"yoast_head":"<!-- This site is optimized with the Yoast SEO plugin v23.1 - https:\/\/yoast.com\/wordpress\/plugins\/seo\/ -->\n<title>Candidater dans une agence web\u00a0: regard de recruteurs - Les actualit\u00e9s des Forges du Web<\/title>\n<meta name=\"description\" content=\"Vous souhaitez travailler dans le web ? Vous avez peut-\u00eatre besoin de conseils sur la mani\u00e8re de candidater. Paroles de recruteurs !\" \/>\n<meta name=\"robots\" content=\"index, follow, max-snippet:-1, max-image-preview:large, max-video-preview:-1\" \/>\n<link rel=\"canonical\" href=\"https:\/\/lesforgesduweb.fr\/actualites\/candidater-agence-web\/\" \/>\n<meta property=\"og:locale\" content=\"fr_FR\" \/>\n<meta property=\"og:type\" content=\"article\" \/>\n<meta property=\"og:title\" content=\"Candidater dans une agence web\u00a0: regard de recruteurs - Les actualit\u00e9s des Forges du Web\" \/>\n<meta property=\"og:description\" content=\"Vous souhaitez travailler dans le web ? Vous avez peut-\u00eatre besoin de conseils sur la mani\u00e8re de candidater. Paroles de recruteurs !\" \/>\n<meta property=\"og:url\" content=\"https:\/\/lesforgesduweb.fr\/actualites\/candidater-agence-web\/\" \/>\n<meta property=\"og:site_name\" content=\"Les actualit\u00e9s des Forges du Web\" \/>\n<meta property=\"article:published_time\" content=\"2022-04-21T13:12:40+00:00\" \/>\n<meta property=\"article:modified_time\" content=\"2022-04-21T13:12:41+00:00\" \/>\n<meta property=\"og:image\" content=\"https:\/\/lesforgesduweb.fr\/actualites\/wp-content\/uploads\/2022\/03\/pexels-mikhail-nilov-7988217-scaled.jpg\" \/>\n\t<meta property=\"og:image:width\" content=\"2560\" \/>\n\t<meta property=\"og:image:height\" content=\"1709\" \/>\n\t<meta property=\"og:image:type\" content=\"image\/jpeg\" \/>\n<meta name=\"author\" content=\"Sabine Pasdelou\" \/>\n<meta name=\"twitter:card\" content=\"summary_large_image\" \/>\n<meta name=\"twitter:label1\" content=\"\u00c9crit par\" \/>\n\t<meta name=\"twitter:data1\" content=\"Sabine Pasdelou\" \/>\n\t<meta name=\"twitter:label2\" content=\"Dur\u00e9e de lecture estim\u00e9e\" \/>\n\t<meta name=\"twitter:data2\" content=\"4 minutes\" \/>\n<script type=\"application\/ld+json\" class=\"yoast-schema-graph\">{\"@context\":\"https:\/\/schema.org\",\"@graph\":[{\"@type\":\"Article\",\"@id\":\"https:\/\/lesforgesduweb.fr\/actualites\/candidater-agence-web\/#article\",\"isPartOf\":{\"@id\":\"https:\/\/lesforgesduweb.fr\/actualites\/candidater-agence-web\/\"},\"author\":{\"name\":\"Sabine Pasdelou\",\"@id\":\"https:\/\/lesforgesduweb.fr\/actualites\/#\/schema\/person\/482143fb017541bad9a6f1b66843492f\"},\"headline\":\"Candidater dans une agence web\u00a0: regard de recruteurs\",\"datePublished\":\"2022-04-21T13:12:40+00:00\",\"dateModified\":\"2022-04-21T13:12:41+00:00\",\"mainEntityOfPage\":{\"@id\":\"https:\/\/lesforgesduweb.fr\/actualites\/candidater-agence-web\/\"},\"wordCount\":871,\"commentCount\":1,\"publisher\":{\"@id\":\"https:\/\/lesforgesduweb.fr\/actualites\/#organization\"},\"image\":{\"@id\":\"https:\/\/lesforgesduweb.fr\/actualites\/candidater-agence-web\/#primaryimage\"},\"thumbnailUrl\":\"https:\/\/lesforgesduweb.fr\/actualites\/wp-content\/uploads\/2022\/03\/pexels-mikhail-nilov-7988217-scaled.jpg\",\"keywords\":[\"candidater\",\"conseils\",\"emploi\",\"recrutement\",\"web\"],\"articleSection\":[\"Conseils\"],\"inLanguage\":\"fr-FR\",\"potentialAction\":[{\"@type\":\"CommentAction\",\"name\":\"Comment\",\"target\":[\"https:\/\/lesforgesduweb.fr\/actualites\/candidater-agence-web\/#respond\"]}]},{\"@type\":\"WebPage\",\"@id\":\"https:\/\/lesforgesduweb.fr\/actualites\/candidater-agence-web\/\",\"url\":\"https:\/\/lesforgesduweb.fr\/actualites\/candidater-agence-web\/\",\"name\":\"Candidater dans une agence web\u00a0: regard de recruteurs - Les actualit\u00e9s des Forges du Web\",\"isPartOf\":{\"@id\":\"https:\/\/lesforgesduweb.fr\/actualites\/#website\"},\"primaryImageOfPage\":{\"@id\":\"https:\/\/lesforgesduweb.fr\/actualites\/candidater-agence-web\/#primaryimage\"},\"image\":{\"@id\":\"https:\/\/lesforgesduweb.fr\/actualites\/candidater-agence-web\/#primaryimage\"},\"thumbnailUrl\":\"https:\/\/lesforgesduweb.fr\/actualites\/wp-content\/uploads\/2022\/03\/pexels-mikhail-nilov-7988217-scaled.jpg\",\"datePublished\":\"2022-04-21T13:12:40+00:00\",\"dateModified\":\"2022-04-21T13:12:41+00:00\",\"description\":\"Vous souhaitez travailler dans le web ? Vous avez peut-\u00eatre besoin de conseils sur la mani\u00e8re de candidater. Paroles de recruteurs !\",\"breadcrumb\":{\"@id\":\"https:\/\/lesforgesduweb.fr\/actualites\/candidater-agence-web\/#breadcrumb\"},\"inLanguage\":\"fr-FR\",\"potentialAction\":[{\"@type\":\"ReadAction\",\"target\":[\"https:\/\/lesforgesduweb.fr\/actualites\/candidater-agence-web\/\"]}]},{\"@type\":\"ImageObject\",\"inLanguage\":\"fr-FR\",\"@id\":\"https:\/\/lesforgesduweb.fr\/actualites\/candidater-agence-web\/#primaryimage\",\"url\":\"https:\/\/lesforgesduweb.fr\/actualites\/wp-content\/uploads\/2022\/03\/pexels-mikhail-nilov-7988217-scaled.jpg\",\"contentUrl\":\"https:\/\/lesforgesduweb.fr\/actualites\/wp-content\/uploads\/2022\/03\/pexels-mikhail-nilov-7988217-scaled.jpg\",\"width\":2560,\"height\":1709,\"caption\":\"groupe d'\u00e9tudiants en informatique\"},{\"@type\":\"BreadcrumbList\",\"@id\":\"https:\/\/lesforgesduweb.fr\/actualites\/candidater-agence-web\/#breadcrumb\",\"itemListElement\":[{\"@type\":\"ListItem\",\"position\":1,\"name\":\"Accueil\",\"item\":\"https:\/\/lesforgesduweb.fr\/actualites\/\"},{\"@type\":\"ListItem\",\"position\":2,\"name\":\"Candidater dans une agence web\u00a0: regard de recruteurs\"}]},{\"@type\":\"WebSite\",\"@id\":\"https:\/\/lesforgesduweb.fr\/actualites\/#website\",\"url\":\"https:\/\/lesforgesduweb.fr\/actualites\/\",\"name\":\"Les actualit\u00e9s des Forges du Web\",\"description\":\"Faites forger votre site web chez nous, l&#039;agence web qui allie rigueur technique et cr\u00e9ativit\u00e9.\",\"publisher\":{\"@id\":\"https:\/\/lesforgesduweb.fr\/actualites\/#organization\"},\"potentialAction\":[{\"@type\":\"SearchAction\",\"target\":{\"@type\":\"EntryPoint\",\"urlTemplate\":\"https:\/\/lesforgesduweb.fr\/actualites\/?s={search_term_string}\"},\"query-input\":\"required name=search_term_string\"}],\"inLanguage\":\"fr-FR\"},{\"@type\":\"Organization\",\"@id\":\"https:\/\/lesforgesduweb.fr\/actualites\/#organization\",\"name\":\"Les Forges du Web\",\"url\":\"https:\/\/lesforgesduweb.fr\/actualites\/\",\"logo\":{\"@type\":\"ImageObject\",\"inLanguage\":\"fr-FR\",\"@id\":\"https:\/\/lesforgesduweb.fr\/actualites\/#\/schema\/logo\/image\/\",\"url\":\"https:\/\/lesforgesduweb.fr\/actualites\/wp-content\/uploads\/2021\/11\/logo_100-png8-8c.png\",\"contentUrl\":\"https:\/\/lesforgesduweb.fr\/actualites\/wp-content\/uploads\/2021\/11\/logo_100-png8-8c.png\",\"width\":100,\"height\":100,\"caption\":\"Les Forges du Web\"},\"image\":{\"@id\":\"https:\/\/lesforgesduweb.fr\/actualites\/#\/schema\/logo\/image\/\"}},{\"@type\":\"Person\",\"@id\":\"https:\/\/lesforgesduweb.fr\/actualites\/#\/schema\/person\/482143fb017541bad9a6f1b66843492f\",\"name\":\"Sabine Pasdelou\",\"image\":{\"@type\":\"ImageObject\",\"inLanguage\":\"fr-FR\",\"@id\":\"https:\/\/lesforgesduweb.fr\/actualites\/#\/schema\/person\/image\/\",\"url\":\"https:\/\/secure.gravatar.com\/avatar\/aef169dbeb5383a6ce3fd773cbce12fe?s=96&d=mm&r=g\",\"contentUrl\":\"https:\/\/secure.gravatar.com\/avatar\/aef169dbeb5383a6ce3fd773cbce12fe?s=96&d=mm&r=g\",\"caption\":\"Sabine Pasdelou\"},\"url\":\"https:\/\/lesforgesduweb.fr\/actualites\/author\/spasdelou\/\"}]}<\/script>\n<!-- \/ Yoast SEO plugin. -->","yoast_head_json":{"title":"Candidater dans une agence web\u00a0: regard de recruteurs - Les actualit\u00e9s des Forges du Web","description":"Vous souhaitez travailler dans le web ? Vous avez peut-\u00eatre besoin de conseils sur la mani\u00e8re de candidater. Paroles de recruteurs !","robots":{"index":"index","follow":"follow","max-snippet":"max-snippet:-1","max-image-preview":"max-image-preview:large","max-video-preview":"max-video-preview:-1"},"canonical":"https:\/\/lesforgesduweb.fr\/actualites\/candidater-agence-web\/","og_locale":"fr_FR","og_type":"article","og_title":"Candidater dans une agence web\u00a0: regard de recruteurs - Les actualit\u00e9s des Forges du Web","og_description":"Vous souhaitez travailler dans le web ? Vous avez peut-\u00eatre besoin de conseils sur la mani\u00e8re de candidater. Paroles de recruteurs !","og_url":"https:\/\/lesforgesduweb.fr\/actualites\/candidater-agence-web\/","og_site_name":"Les actualit\u00e9s des Forges du Web","article_published_time":"2022-04-21T13:12:40+00:00","article_modified_time":"2022-04-21T13:12:41+00:00","og_image":[{"width":2560,"height":1709,"url":"https:\/\/lesforgesduweb.fr\/actualites\/wp-content\/uploads\/2022\/03\/pexels-mikhail-nilov-7988217-scaled.jpg","type":"image\/jpeg"}],"author":"Sabine Pasdelou","twitter_card":"summary_large_image","twitter_misc":{"\u00c9crit par":"Sabine Pasdelou","Dur\u00e9e de lecture estim\u00e9e":"4 minutes"},"schema":{"@context":"https:\/\/schema.org","@graph":[{"@type":"Article","@id":"https:\/\/lesforgesduweb.fr\/actualites\/candidater-agence-web\/#article","isPartOf":{"@id":"https:\/\/lesforgesduweb.fr\/actualites\/candidater-agence-web\/"},"author":{"name":"Sabine Pasdelou","@id":"https:\/\/lesforgesduweb.fr\/actualites\/#\/schema\/person\/482143fb017541bad9a6f1b66843492f"},"headline":"Candidater dans une agence web\u00a0: regard de recruteurs","datePublished":"2022-04-21T13:12:40+00:00","dateModified":"2022-04-21T13:12:41+00:00","mainEntityOfPage":{"@id":"https:\/\/lesforgesduweb.fr\/actualites\/candidater-agence-web\/"},"wordCount":871,"commentCount":1,"publisher":{"@id":"https:\/\/lesforgesduweb.fr\/actualites\/#organization"},"image":{"@id":"https:\/\/lesforgesduweb.fr\/actualites\/candidater-agence-web\/#primaryimage"},"thumbnailUrl":"https:\/\/lesforgesduweb.fr\/actualites\/wp-content\/uploads\/2022\/03\/pexels-mikhail-nilov-7988217-scaled.jpg","keywords":["candidater","conseils","emploi","recrutement","web"],"articleSection":["Conseils"],"inLanguage":"fr-FR","potentialAction":[{"@type":"CommentAction","name":"Comment","target":["https:\/\/lesforgesduweb.fr\/actualites\/candidater-agence-web\/#respond"]}]},{"@type":"WebPage","@id":"https:\/\/lesforgesduweb.fr\/actualites\/candidater-agence-web\/","url":"https:\/\/lesforgesduweb.fr\/actualites\/candidater-agence-web\/","name":"Candidater dans une agence web\u00a0: regard de recruteurs - Les actualit\u00e9s des Forges du Web","isPartOf":{"@id":"https:\/\/lesforgesduweb.fr\/actualites\/#website"},"primaryImageOfPage":{"@id":"https:\/\/lesforgesduweb.fr\/actualites\/candidater-agence-web\/#primaryimage"},"image":{"@id":"https:\/\/lesforgesduweb.fr\/actualites\/candidater-agence-web\/#primaryimage"},"thumbnailUrl":"https:\/\/lesforgesduweb.fr\/actualites\/wp-content\/uploads\/2022\/03\/pexels-mikhail-nilov-7988217-scaled.jpg","datePublished":"2022-04-21T13:12:40+00:00","dateModified":"2022-04-21T13:12:41+00:00","description":"Vous souhaitez travailler dans le web ? Vous avez peut-\u00eatre besoin de conseils sur la mani\u00e8re de candidater. Paroles de recruteurs !","breadcrumb":{"@id":"https:\/\/lesforgesduweb.fr\/actualites\/candidater-agence-web\/#breadcrumb"},"inLanguage":"fr-FR","potentialAction":[{"@type":"ReadAction","target":["https:\/\/lesforgesduweb.fr\/actualites\/candidater-agence-web\/"]}]},{"@type":"ImageObject","inLanguage":"fr-FR","@id":"https:\/\/lesforgesduweb.fr\/actualites\/candidater-agence-web\/#primaryimage","url":"https:\/\/lesforgesduweb.fr\/actualites\/wp-content\/uploads\/2022\/03\/pexels-mikhail-nilov-7988217-scaled.jpg","contentUrl":"https:\/\/lesforgesduweb.fr\/actualites\/wp-content\/uploads\/2022\/03\/pexels-mikhail-nilov-7988217-scaled.jpg","width":2560,"height":1709,"caption":"groupe d'\u00e9tudiants en informatique"},{"@type":"BreadcrumbList","@id":"https:\/\/lesforgesduweb.fr\/actualites\/candidater-agence-web\/#breadcrumb","itemListElement":[{"@type":"ListItem","position":1,"name":"Accueil","item":"https:\/\/lesforgesduweb.fr\/actualites\/"},{"@type":"ListItem","position":2,"name":"Candidater dans une agence web\u00a0: regard de recruteurs"}]},{"@type":"WebSite","@id":"https:\/\/lesforgesduweb.fr\/actualites\/#website","url":"https:\/\/lesforgesduweb.fr\/actualites\/","name":"Les actualit\u00e9s des Forges du Web","description":"Faites forger votre site web chez nous, l&#039;agence web qui allie rigueur technique et cr\u00e9ativit\u00e9.","publisher":{"@id":"https:\/\/lesforgesduweb.fr\/actualites\/#organization"},"potentialAction":[{"@type":"SearchAction","target":{"@type":"EntryPoint","urlTemplate":"https:\/\/lesforgesduweb.fr\/actualites\/?s={search_term_string}"},"query-input":"required name=search_term_string"}],"inLanguage":"fr-FR"},{"@type":"Organization","@id":"https:\/\/lesforgesduweb.fr\/actualites\/#organization","name":"Les Forges du Web","url":"https:\/\/lesforgesduweb.fr\/actualites\/","logo":{"@type":"ImageObject","inLanguage":"fr-FR","@id":"https:\/\/lesforgesduweb.fr\/actualites\/#\/schema\/logo\/image\/","url":"https:\/\/lesforgesduweb.fr\/actualites\/wp-content\/uploads\/2021\/11\/logo_100-png8-8c.png","contentUrl":"https:\/\/lesforgesduweb.fr\/actualites\/wp-content\/uploads\/2021\/11\/logo_100-png8-8c.png","width":100,"height":100,"caption":"Les Forges du Web"},"image":{"@id":"https:\/\/lesforgesduweb.fr\/actualites\/#\/schema\/logo\/image\/"}},{"@type":"Person","@id":"https:\/\/lesforgesduweb.fr\/actualites\/#\/schema\/person\/482143fb017541bad9a6f1b66843492f","name":"Sabine Pasdelou","image":{"@type":"ImageObject","inLanguage":"fr-FR","@id":"https:\/\/lesforgesduweb.fr\/actualites\/#\/schema\/person\/image\/","url":"https:\/\/secure.gravatar.com\/avatar\/aef169dbeb5383a6ce3fd773cbce12fe?s=96&d=mm&r=g","contentUrl":"https:\/\/secure.gravatar.com\/avatar\/aef169dbeb5383a6ce3fd773cbce12fe?s=96&d=mm&r=g","caption":"Sabine Pasdelou"},"url":"https:\/\/lesforgesduweb.fr\/actualites\/author\/spasdelou\/"}]}},"_links":{"self":[{"href":"https:\/\/lesforgesduweb.fr\/actualites\/wp-json\/wp\/v2\/posts\/218"}],"collection":[{"href":"https:\/\/lesforgesduweb.fr\/actualites\/wp-json\/wp\/v2\/posts"}],"about":[{"href":"https:\/\/lesforgesduweb.fr\/actualites\/wp-json\/wp\/v2\/types\/post"}],"author":[{"embeddable":true,"href":"https:\/\/lesforgesduweb.fr\/actualites\/wp-json\/wp\/v2\/users\/3"}],"replies":[{"embeddable":true,"href":"https:\/\/lesforgesduweb.fr\/actualites\/wp-json\/wp\/v2\/comments?post=218"}],"version-history":[{"count":2,"href":"https:\/\/lesforgesduweb.fr\/actualites\/wp-json\/wp\/v2\/posts\/218\/revisions"}],"predecessor-version":[{"id":223,"href":"https:\/\/lesforgesduweb.fr\/actualites\/wp-json\/wp\/v2\/posts\/218\/revisions\/223"}],"wp:featuredmedia":[{"embeddable":true,"href":"https:\/\/lesforgesduweb.fr\/actualites\/wp-json\/wp\/v2\/media\/221"}],"wp:attachment":[{"href":"https:\/\/lesforgesduweb.fr\/actualites\/wp-json\/wp\/v2\/media?parent=218"}],"wp:term":[{"taxonomy":"category","embeddable":true,"href":"https:\/\/lesforgesduweb.fr\/actualites\/wp-json\/wp\/v2\/categories?post=218"},{"taxonomy":"post_tag","embeddable":true,"href":"https:\/\/lesforgesduweb.fr\/actualites\/wp-json\/wp\/v2\/tags?post=218"}],"curies":[{"name":"wp","href":"https:\/\/api.w.org\/{rel}","templated":true}]}}