{"id":114,"date":"2022-01-17T14:08:00","date_gmt":"2022-01-17T13:08:00","guid":{"rendered":"https:\/\/lesforgesduweb.fr\/actualites\/?p=114"},"modified":"2022-06-29T11:29:10","modified_gmt":"2022-06-29T09:29:10","slug":"choisir-images","status":"publish","type":"post","link":"https:\/\/lesforgesduweb.fr\/actualites\/choisir-images\/","title":{"rendered":"Images &#038; web : bien illustrer ses posts"},"content":{"rendered":"\n<p>\u00ab&nbsp;Une image vaut 1000 mots&nbsp;\u00bb aurait dit Confucius. Je ne peux qu\u2019approuver ces paroles quand je pense au contenu pour le web. M\u00eame si les mots ont leur importance, les images sont capables de parler \u00e0 notre place. Elles sont capables de r\u00e9v\u00e9ler notre culture artistique, notre cr\u00e9ativit\u00e9, et surtout notre ing\u00e9niosit\u00e9 \u00e0 capter l\u2019attention de notre auditoire. \u00catre aper\u00e7u dans l\u2019oc\u00e9an de contenus qui nous entoure devient compliqu\u00e9. Nous sommes assaillis de nombreux stimuli visuels au quotidien&nbsp;: logo, photographies, couleurs, infographies, etc. <\/p>\n\n\n\n<p>Lorsqu\u2019on a besoin de faire la communication de sa soci\u00e9t\u00e9, plusieurs questions surgissent. Comment se d\u00e9marquer de ses concurrents&nbsp;sur les r\u00e9seaux sociaux et sur son site web ? Que dois-je faire pour attirer l\u2019attention des prospects&nbsp;? Comment les convaincre que je suis le prestataire parfait&nbsp;? <\/p>\n\n\n\n<p>Vous pouvez am\u00e9liorer votre image de marque en suivant <strong>3 conseils simples&nbsp;: soigner la s\u00e9lection de vos illustrations, penser qualit\u00e9 technique et qualit\u00e9 esth\u00e9tique<\/strong>.<\/p>\n\n\n\n<h2 class=\"wp-block-heading\"><strong>La provenance des images&nbsp;: le plus contraignant<\/strong><\/h2>\n\n\n\n<p>Si vous avez d\u00e9cid\u00e9 de faire votre communication par vous-m\u00eames, vous serez amen\u00e9s \u00e0 s\u00e9lectionner des photos ou des infographies. Je ne rentrerai pas dans le d\u00e9tail de la propri\u00e9t\u00e9 intellectuelle des \u00e9l\u00e9ments que vous aurez s\u00e9lectionn\u00e9s et d\u00e9cid\u00e9s de repartager, car je ne suis pas sp\u00e9cialiste en la mati\u00e8re. Je ne peux que vous encourager \u00e0 vous rapprocher d\u2019<a href=\"https:\/\/www.avocat.fr\/actualites\/peut-tout-partager-sur-les-reseaux-sociaux\" target=\"_blank\" rel=\"noreferrer noopener\">experts si vous avez le moindre doute<\/a>. Toutefois, je suis s\u00fbre d\u2019une chose&nbsp;: vous ne pouvez vous approprier la paternit\u00e9 ou la maternit\u00e9 d\u2019une image que vous avez trouv\u00e9e sur le web pour la poster sur vos propres comptes. <\/p>\n\n\n\n<p>De plus, au-del\u00e0 de l\u2019aspect juridique de la chose, il s\u2019av\u00e8re que l\u2019emploi d\u2019images vari\u00e9es nuirait \u00e0 l\u2019harmonie visuelle de votre contenu dans sa globalit\u00e9. Essayez de faire une mosa\u00efque avec des images de styles tr\u00e8s vari\u00e9s&nbsp;: je vais \u00eatre honn\u00eate, \u00e7a se voit. Cela risque de vous faire passer pour un amateur qui de plus n\u2019a pas de sens esth\u00e9tique. Le monde du web, si vous ne l\u2019aviez pas encore constat\u00e9, peut \u00eatre cruel.<\/p>\n\n\n\n<p>Choisir des images existantes implique de faire attention \u00e0 leur libre utilisation, ou non. Pour cela, je vous recommande de citer l\u2019auteur du visuel que vous utilisez. Il existe des banques de donn\u00e9es d\u2019images&nbsp;: vous pouvez acheter le droit de reproduction de ces images, et vous avez m\u00eame souvent des images t\u00e9l\u00e9chargeables <a href=\"https:\/\/www.pexels.com\/fr-fr\/\" target=\"_blank\" rel=\"noreferrer noopener\">gratuitement<\/a> sur ces sites.<\/p>\n\n\n\n<p>Autre option&nbsp;: faire vous-m\u00eames ces images. Cela peut prendre un peu de temps, mais question propri\u00e9t\u00e9 artistique et intellectuelle, vous \u00eates libre. Prenez garde tout de m\u00eame \u00e0 qui ou \u00e0 ce que vous prenez en photo, mais de nouveau je ne suis pas sp\u00e9cialiste en la mati\u00e8re et je vous invite \u00e0 consulter des articles d\u2019expert \u00e0 ce sujet.<\/p>\n\n\n\n<p>Prendre soi-m\u00eame des photos ou cr\u00e9er des visuels n\u2019est pas si ais\u00e9 que cela para\u00eet. Et c\u2019est l\u00e0 que les qualit\u00e9s technique et esth\u00e9tique entrent dans la danse.<\/p>\n\n\n\n<h2 class=\"wp-block-heading\"><strong>La qualit\u00e9 technique&nbsp;: le plus important<\/strong><\/h2>\n\n\n\n<p>Cela peut para\u00eetre \u00e9vident de parler de <a href=\"https:\/\/lesforgesduweb.fr\/actualites\/laventure-site-image-propre\/\">qualit\u00e9 technique<\/a> pour des images. Je peux vous garantir que nous avons parfois de dr\u00f4les surprises lorsque nous recevons les illustrations de certains clients et prospects pour leur communication.<\/p>\n\n\n\n<p>Qu\u2019est-ce que j\u2019entends par qualit\u00e9 technique&nbsp;? Une bonne r\u00e9solution. Car oui, il existe une bonne r\u00e9solution d\u2019image. Pensez 1920 x 1080 pixels quand vous faites vos formats 16:9, et 1080 x 1080 pixels pour un format carr\u00e9. <\/p>\n\n\n\n<p>Des images de petites r\u00e9solutions cr\u00e9eront un effet dit pixelis\u00e9. Je peux vous assurer qu\u2019un effet pixelis\u00e9 non pr\u00e9vu est nuisible \u00e0 votre image. Cela sugg\u00e8re un certain amateurisme et ces images ne sont en g\u00e9n\u00e9ral pas d\u00e9sirables pour le public, et par cons\u00e9quent pour vos prospects.<\/p>\n\n\n\n<h2 class=\"wp-block-heading\"><strong>La qualit\u00e9 esth\u00e9tique&nbsp;: le plus diff\u00e9renciant<\/strong><\/h2>\n\n\n\n<p>Se diff\u00e9rencier des autres&nbsp;: le Graal dans la communication num\u00e9rique&nbsp;(ou digitale, comme vous pr\u00e9f\u00e9rez) ! Faire de beaux posts sur les r\u00e9seaux sociaux et faire un site web agr\u00e9able \u00e0 l\u2019\u0153il impliquent plus que de la technique&nbsp;: cela implique une certaine culture. L\u2019id\u00e9e est de ne pas faire de vous des critiques d\u2019art ni des historiens de l\u2019art. Quand je parle de culture, c\u2019est la graine qui m\u00e8ne \u00e0 la cr\u00e9ativit\u00e9 et au sens de la composition.<\/p>\n\n\n\n<p>Faire soi-m\u00eame des photographies ou des posts gr\u00e2ce \u00e0 des logiciels gratuits sympa ne vous garantira jamais de faire de belles illustrations. Par contre, avoir une <a href=\"https:\/\/bonheurdesarts.com\/\" target=\"_blank\" rel=\"noreferrer noopener\">culture artistique entra\u00eenera votre \u0153il malgr\u00e9 vous \u00e0 identifier de bonnes images<\/a>. Loin de moi l\u2019id\u00e9e de remettre \u00e0 plat le d\u00e9bat du bon go\u00fbt et du mauvais go\u00fbt. Il existe cependant des normes esth\u00e9tiques.<\/p>\n\n\n\n<p>Nos yeux sont habitu\u00e9s \u00e0 ce qui est reconnu comme \u00e9tant beau, mais aussi \u00e0 ce qui est consid\u00e9r\u00e9 comme \u00e9tant laid. Dans quelle case souhaitez-vous que vos contenus figurent&nbsp;? Aussi, cultivez-vous.<\/p>\n\n\n\n<figure class=\"wp-block-image size-large\"><img loading=\"lazy\" decoding=\"async\" width=\"1024\" height=\"683\" src=\"https:\/\/lesforgesduweb.fr\/actualites\/wp-content\/uploads\/2022\/01\/pexels-cottonbro-5082579-1024x683.jpg\" alt=\"personne regardant son compte instagram\" class=\"wp-image-116\" srcset=\"https:\/\/lesforgesduweb.fr\/actualites\/wp-content\/uploads\/2022\/01\/pexels-cottonbro-5082579-1024x683.jpg 1024w, https:\/\/lesforgesduweb.fr\/actualites\/wp-content\/uploads\/2022\/01\/pexels-cottonbro-5082579-300x200.jpg 300w, https:\/\/lesforgesduweb.fr\/actualites\/wp-content\/uploads\/2022\/01\/pexels-cottonbro-5082579-768x512.jpg 768w, https:\/\/lesforgesduweb.fr\/actualites\/wp-content\/uploads\/2022\/01\/pexels-cottonbro-5082579-1536x1024.jpg 1536w\" sizes=\"(max-width: 1024px) 100vw, 1024px\" \/><figcaption>Cottonbro<\/figcaption><\/figure>\n\n\n\n<h2 class=\"wp-block-heading\">Pour de bonnes images, pensez culture !<\/h2>\n\n\n\n<p>Communiquer est un art \u00e0 part enti\u00e8re, avec ses codes et ses techniques. La culture est primordiale quand on fait de la communication. Dans l\u2019id\u00e9al&nbsp;: faites appel \u00e0 des professionnels, car comme pour toute action de communication, choisir la bonne image est un m\u00e9tier. Si vous vous lancez et que vous n\u2019avez pas les moyens de faire appel \u00e0 un professionnel&nbsp;: on ne s\u2019improvise pas cr\u00e9ateurs de contenus sans un minimum d\u2019efforts et d\u2019apprentissage. C\u2019est possible de le faire soi-m\u00eame, mais cela implique du temps. Par contre si vous n\u2019avez pas le temps&nbsp;: faites au plus classique et au plus simple. Cela \u00e9vitera les fautes de mauvais go\u00fbt et les erreurs visuelles.<\/p>\n\n\n\n<p>N&rsquo;oubliez jamais : l\u2019attention est le Graal de notre monde moderne et connect\u00e9.<\/p>\n","protected":false},"excerpt":{"rendered":"<p>\u00ab&nbsp;Une image vaut 1000 mots&nbsp;\u00bb aurait dit Confucius. Je ne peux qu\u2019approuver ces paroles quand<\/p>\n","protected":false},"author":3,"featured_media":265,"comment_status":"open","ping_status":"open","sticky":false,"template":"","format":"standard","meta":{"footnotes":""},"categories":[8],"tags":[13,12,14],"class_list":["post-114","post","type-post","status-publish","format-standard","has-post-thumbnail","hentry","category-conseils","tag-image","tag-images","tag-reseaux-sociaux"],"yoast_head":"<!-- This site is optimized with the Yoast SEO plugin v23.1 - https:\/\/yoast.com\/wordpress\/plugins\/seo\/ -->\n<title>Images &amp; web : bien illustrer ses posts - Les actualit\u00e9s des Forges du Web<\/title>\n<meta name=\"description\" content=\"Le choix des images sur le web est un art pour se diff\u00e9rencier sur les r\u00e9seaux sociaux et via son site. Conseils pour les entrepreneurs\" \/>\n<meta name=\"robots\" content=\"index, follow, max-snippet:-1, max-image-preview:large, max-video-preview:-1\" \/>\n<link rel=\"canonical\" href=\"https:\/\/lesforgesduweb.fr\/actualites\/choisir-images\/\" \/>\n<meta property=\"og:locale\" content=\"fr_FR\" \/>\n<meta property=\"og:type\" content=\"article\" \/>\n<meta property=\"og:title\" content=\"Images &amp; web : bien illustrer ses posts - Les actualit\u00e9s des Forges du Web\" \/>\n<meta property=\"og:description\" content=\"Le choix des images sur le web est un art pour se diff\u00e9rencier sur les r\u00e9seaux sociaux et via son site. Conseils pour les entrepreneurs\" \/>\n<meta property=\"og:url\" content=\"https:\/\/lesforgesduweb.fr\/actualites\/choisir-images\/\" \/>\n<meta property=\"og:site_name\" content=\"Les actualit\u00e9s des Forges du Web\" \/>\n<meta property=\"article:published_time\" content=\"2022-01-17T13:08:00+00:00\" \/>\n<meta property=\"article:modified_time\" content=\"2022-06-29T09:29:10+00:00\" \/>\n<meta property=\"og:image\" content=\"https:\/\/lesforgesduweb.fr\/actualites\/wp-content\/uploads\/2022\/01\/image-et-web-1024x659.png\" \/>\n\t<meta property=\"og:image:width\" content=\"1024\" \/>\n\t<meta property=\"og:image:height\" content=\"659\" \/>\n\t<meta property=\"og:image:type\" content=\"image\/png\" \/>\n<meta name=\"author\" content=\"Sabine Pasdelou\" \/>\n<meta name=\"twitter:card\" content=\"summary_large_image\" \/>\n<meta name=\"twitter:label1\" content=\"\u00c9crit par\" \/>\n\t<meta name=\"twitter:data1\" content=\"Sabine Pasdelou\" \/>\n\t<meta name=\"twitter:label2\" content=\"Dur\u00e9e de lecture estim\u00e9e\" \/>\n\t<meta name=\"twitter:data2\" content=\"5 minutes\" \/>\n<script type=\"application\/ld+json\" class=\"yoast-schema-graph\">{\"@context\":\"https:\/\/schema.org\",\"@graph\":[{\"@type\":\"Article\",\"@id\":\"https:\/\/lesforgesduweb.fr\/actualites\/choisir-images\/#article\",\"isPartOf\":{\"@id\":\"https:\/\/lesforgesduweb.fr\/actualites\/choisir-images\/\"},\"author\":{\"name\":\"Sabine Pasdelou\",\"@id\":\"https:\/\/lesforgesduweb.fr\/actualites\/#\/schema\/person\/482143fb017541bad9a6f1b66843492f\"},\"headline\":\"Images &#038; web : bien illustrer ses posts\",\"datePublished\":\"2022-01-17T13:08:00+00:00\",\"dateModified\":\"2022-06-29T09:29:10+00:00\",\"mainEntityOfPage\":{\"@id\":\"https:\/\/lesforgesduweb.fr\/actualites\/choisir-images\/\"},\"wordCount\":1035,\"commentCount\":1,\"publisher\":{\"@id\":\"https:\/\/lesforgesduweb.fr\/actualites\/#organization\"},\"image\":{\"@id\":\"https:\/\/lesforgesduweb.fr\/actualites\/choisir-images\/#primaryimage\"},\"thumbnailUrl\":\"https:\/\/lesforgesduweb.fr\/actualites\/wp-content\/uploads\/2022\/01\/image-et-web.png\",\"keywords\":[\"image\",\"images\",\"r\u00e9seaux sociaux\"],\"articleSection\":[\"Conseils\"],\"inLanguage\":\"fr-FR\",\"potentialAction\":[{\"@type\":\"CommentAction\",\"name\":\"Comment\",\"target\":[\"https:\/\/lesforgesduweb.fr\/actualites\/choisir-images\/#respond\"]}]},{\"@type\":\"WebPage\",\"@id\":\"https:\/\/lesforgesduweb.fr\/actualites\/choisir-images\/\",\"url\":\"https:\/\/lesforgesduweb.fr\/actualites\/choisir-images\/\",\"name\":\"Images & web : bien illustrer ses posts - Les actualit\u00e9s des Forges du Web\",\"isPartOf\":{\"@id\":\"https:\/\/lesforgesduweb.fr\/actualites\/#website\"},\"primaryImageOfPage\":{\"@id\":\"https:\/\/lesforgesduweb.fr\/actualites\/choisir-images\/#primaryimage\"},\"image\":{\"@id\":\"https:\/\/lesforgesduweb.fr\/actualites\/choisir-images\/#primaryimage\"},\"thumbnailUrl\":\"https:\/\/lesforgesduweb.fr\/actualites\/wp-content\/uploads\/2022\/01\/image-et-web.png\",\"datePublished\":\"2022-01-17T13:08:00+00:00\",\"dateModified\":\"2022-06-29T09:29:10+00:00\",\"description\":\"Le choix des images sur le web est un art pour se diff\u00e9rencier sur les r\u00e9seaux sociaux et via son site. Conseils pour les entrepreneurs\",\"breadcrumb\":{\"@id\":\"https:\/\/lesforgesduweb.fr\/actualites\/choisir-images\/#breadcrumb\"},\"inLanguage\":\"fr-FR\",\"potentialAction\":[{\"@type\":\"ReadAction\",\"target\":[\"https:\/\/lesforgesduweb.fr\/actualites\/choisir-images\/\"]}]},{\"@type\":\"ImageObject\",\"inLanguage\":\"fr-FR\",\"@id\":\"https:\/\/lesforgesduweb.fr\/actualites\/choisir-images\/#primaryimage\",\"url\":\"https:\/\/lesforgesduweb.fr\/actualites\/wp-content\/uploads\/2022\/01\/image-et-web.png\",\"contentUrl\":\"https:\/\/lesforgesduweb.fr\/actualites\/wp-content\/uploads\/2022\/01\/image-et-web.png\",\"width\":1240,\"height\":798,\"caption\":\"T\u00e9l\u00e9phone sur table avec logo r\u00e9seaux sociaux\"},{\"@type\":\"BreadcrumbList\",\"@id\":\"https:\/\/lesforgesduweb.fr\/actualites\/choisir-images\/#breadcrumb\",\"itemListElement\":[{\"@type\":\"ListItem\",\"position\":1,\"name\":\"Accueil\",\"item\":\"https:\/\/lesforgesduweb.fr\/actualites\/\"},{\"@type\":\"ListItem\",\"position\":2,\"name\":\"Images &#038; web : bien illustrer ses posts\"}]},{\"@type\":\"WebSite\",\"@id\":\"https:\/\/lesforgesduweb.fr\/actualites\/#website\",\"url\":\"https:\/\/lesforgesduweb.fr\/actualites\/\",\"name\":\"Les actualit\u00e9s des Forges du Web\",\"description\":\"Faites forger votre site web chez nous, l&#039;agence web qui allie rigueur technique et cr\u00e9ativit\u00e9.\",\"publisher\":{\"@id\":\"https:\/\/lesforgesduweb.fr\/actualites\/#organization\"},\"potentialAction\":[{\"@type\":\"SearchAction\",\"target\":{\"@type\":\"EntryPoint\",\"urlTemplate\":\"https:\/\/lesforgesduweb.fr\/actualites\/?s={search_term_string}\"},\"query-input\":\"required name=search_term_string\"}],\"inLanguage\":\"fr-FR\"},{\"@type\":\"Organization\",\"@id\":\"https:\/\/lesforgesduweb.fr\/actualites\/#organization\",\"name\":\"Les Forges du Web\",\"url\":\"https:\/\/lesforgesduweb.fr\/actualites\/\",\"logo\":{\"@type\":\"ImageObject\",\"inLanguage\":\"fr-FR\",\"@id\":\"https:\/\/lesforgesduweb.fr\/actualites\/#\/schema\/logo\/image\/\",\"url\":\"https:\/\/lesforgesduweb.fr\/actualites\/wp-content\/uploads\/2021\/11\/logo_100-png8-8c.png\",\"contentUrl\":\"https:\/\/lesforgesduweb.fr\/actualites\/wp-content\/uploads\/2021\/11\/logo_100-png8-8c.png\",\"width\":100,\"height\":100,\"caption\":\"Les Forges du Web\"},\"image\":{\"@id\":\"https:\/\/lesforgesduweb.fr\/actualites\/#\/schema\/logo\/image\/\"}},{\"@type\":\"Person\",\"@id\":\"https:\/\/lesforgesduweb.fr\/actualites\/#\/schema\/person\/482143fb017541bad9a6f1b66843492f\",\"name\":\"Sabine Pasdelou\",\"image\":{\"@type\":\"ImageObject\",\"inLanguage\":\"fr-FR\",\"@id\":\"https:\/\/lesforgesduweb.fr\/actualites\/#\/schema\/person\/image\/\",\"url\":\"https:\/\/secure.gravatar.com\/avatar\/aef169dbeb5383a6ce3fd773cbce12fe?s=96&d=mm&r=g\",\"contentUrl\":\"https:\/\/secure.gravatar.com\/avatar\/aef169dbeb5383a6ce3fd773cbce12fe?s=96&d=mm&r=g\",\"caption\":\"Sabine Pasdelou\"},\"url\":\"https:\/\/lesforgesduweb.fr\/actualites\/author\/spasdelou\/\"}]}<\/script>\n<!-- \/ Yoast SEO plugin. -->","yoast_head_json":{"title":"Images & web : bien illustrer ses posts - Les actualit\u00e9s des Forges du Web","description":"Le choix des images sur le web est un art pour se diff\u00e9rencier sur les r\u00e9seaux sociaux et via son site. Conseils pour les entrepreneurs","robots":{"index":"index","follow":"follow","max-snippet":"max-snippet:-1","max-image-preview":"max-image-preview:large","max-video-preview":"max-video-preview:-1"},"canonical":"https:\/\/lesforgesduweb.fr\/actualites\/choisir-images\/","og_locale":"fr_FR","og_type":"article","og_title":"Images & web : bien illustrer ses posts - Les actualit\u00e9s des Forges du Web","og_description":"Le choix des images sur le web est un art pour se diff\u00e9rencier sur les r\u00e9seaux sociaux et via son site. Conseils pour les entrepreneurs","og_url":"https:\/\/lesforgesduweb.fr\/actualites\/choisir-images\/","og_site_name":"Les actualit\u00e9s des Forges du Web","article_published_time":"2022-01-17T13:08:00+00:00","article_modified_time":"2022-06-29T09:29:10+00:00","og_image":[{"width":1024,"height":659,"url":"https:\/\/lesforgesduweb.fr\/actualites\/wp-content\/uploads\/2022\/01\/image-et-web-1024x659.png","type":"image\/png"}],"author":"Sabine Pasdelou","twitter_card":"summary_large_image","twitter_misc":{"\u00c9crit par":"Sabine Pasdelou","Dur\u00e9e de lecture estim\u00e9e":"5 minutes"},"schema":{"@context":"https:\/\/schema.org","@graph":[{"@type":"Article","@id":"https:\/\/lesforgesduweb.fr\/actualites\/choisir-images\/#article","isPartOf":{"@id":"https:\/\/lesforgesduweb.fr\/actualites\/choisir-images\/"},"author":{"name":"Sabine Pasdelou","@id":"https:\/\/lesforgesduweb.fr\/actualites\/#\/schema\/person\/482143fb017541bad9a6f1b66843492f"},"headline":"Images &#038; web : bien illustrer ses posts","datePublished":"2022-01-17T13:08:00+00:00","dateModified":"2022-06-29T09:29:10+00:00","mainEntityOfPage":{"@id":"https:\/\/lesforgesduweb.fr\/actualites\/choisir-images\/"},"wordCount":1035,"commentCount":1,"publisher":{"@id":"https:\/\/lesforgesduweb.fr\/actualites\/#organization"},"image":{"@id":"https:\/\/lesforgesduweb.fr\/actualites\/choisir-images\/#primaryimage"},"thumbnailUrl":"https:\/\/lesforgesduweb.fr\/actualites\/wp-content\/uploads\/2022\/01\/image-et-web.png","keywords":["image","images","r\u00e9seaux sociaux"],"articleSection":["Conseils"],"inLanguage":"fr-FR","potentialAction":[{"@type":"CommentAction","name":"Comment","target":["https:\/\/lesforgesduweb.fr\/actualites\/choisir-images\/#respond"]}]},{"@type":"WebPage","@id":"https:\/\/lesforgesduweb.fr\/actualites\/choisir-images\/","url":"https:\/\/lesforgesduweb.fr\/actualites\/choisir-images\/","name":"Images & web : bien illustrer ses posts - Les actualit\u00e9s des Forges du Web","isPartOf":{"@id":"https:\/\/lesforgesduweb.fr\/actualites\/#website"},"primaryImageOfPage":{"@id":"https:\/\/lesforgesduweb.fr\/actualites\/choisir-images\/#primaryimage"},"image":{"@id":"https:\/\/lesforgesduweb.fr\/actualites\/choisir-images\/#primaryimage"},"thumbnailUrl":"https:\/\/lesforgesduweb.fr\/actualites\/wp-content\/uploads\/2022\/01\/image-et-web.png","datePublished":"2022-01-17T13:08:00+00:00","dateModified":"2022-06-29T09:29:10+00:00","description":"Le choix des images sur le web est un art pour se diff\u00e9rencier sur les r\u00e9seaux sociaux et via son site. Conseils pour les entrepreneurs","breadcrumb":{"@id":"https:\/\/lesforgesduweb.fr\/actualites\/choisir-images\/#breadcrumb"},"inLanguage":"fr-FR","potentialAction":[{"@type":"ReadAction","target":["https:\/\/lesforgesduweb.fr\/actualites\/choisir-images\/"]}]},{"@type":"ImageObject","inLanguage":"fr-FR","@id":"https:\/\/lesforgesduweb.fr\/actualites\/choisir-images\/#primaryimage","url":"https:\/\/lesforgesduweb.fr\/actualites\/wp-content\/uploads\/2022\/01\/image-et-web.png","contentUrl":"https:\/\/lesforgesduweb.fr\/actualites\/wp-content\/uploads\/2022\/01\/image-et-web.png","width":1240,"height":798,"caption":"T\u00e9l\u00e9phone sur table avec logo r\u00e9seaux sociaux"},{"@type":"BreadcrumbList","@id":"https:\/\/lesforgesduweb.fr\/actualites\/choisir-images\/#breadcrumb","itemListElement":[{"@type":"ListItem","position":1,"name":"Accueil","item":"https:\/\/lesforgesduweb.fr\/actualites\/"},{"@type":"ListItem","position":2,"name":"Images &#038; web : bien illustrer ses posts"}]},{"@type":"WebSite","@id":"https:\/\/lesforgesduweb.fr\/actualites\/#website","url":"https:\/\/lesforgesduweb.fr\/actualites\/","name":"Les actualit\u00e9s des Forges du Web","description":"Faites forger votre site web chez nous, l&#039;agence web qui allie rigueur technique et cr\u00e9ativit\u00e9.","publisher":{"@id":"https:\/\/lesforgesduweb.fr\/actualites\/#organization"},"potentialAction":[{"@type":"SearchAction","target":{"@type":"EntryPoint","urlTemplate":"https:\/\/lesforgesduweb.fr\/actualites\/?s={search_term_string}"},"query-input":"required name=search_term_string"}],"inLanguage":"fr-FR"},{"@type":"Organization","@id":"https:\/\/lesforgesduweb.fr\/actualites\/#organization","name":"Les Forges du Web","url":"https:\/\/lesforgesduweb.fr\/actualites\/","logo":{"@type":"ImageObject","inLanguage":"fr-FR","@id":"https:\/\/lesforgesduweb.fr\/actualites\/#\/schema\/logo\/image\/","url":"https:\/\/lesforgesduweb.fr\/actualites\/wp-content\/uploads\/2021\/11\/logo_100-png8-8c.png","contentUrl":"https:\/\/lesforgesduweb.fr\/actualites\/wp-content\/uploads\/2021\/11\/logo_100-png8-8c.png","width":100,"height":100,"caption":"Les Forges du Web"},"image":{"@id":"https:\/\/lesforgesduweb.fr\/actualites\/#\/schema\/logo\/image\/"}},{"@type":"Person","@id":"https:\/\/lesforgesduweb.fr\/actualites\/#\/schema\/person\/482143fb017541bad9a6f1b66843492f","name":"Sabine Pasdelou","image":{"@type":"ImageObject","inLanguage":"fr-FR","@id":"https:\/\/lesforgesduweb.fr\/actualites\/#\/schema\/person\/image\/","url":"https:\/\/secure.gravatar.com\/avatar\/aef169dbeb5383a6ce3fd773cbce12fe?s=96&d=mm&r=g","contentUrl":"https:\/\/secure.gravatar.com\/avatar\/aef169dbeb5383a6ce3fd773cbce12fe?s=96&d=mm&r=g","caption":"Sabine Pasdelou"},"url":"https:\/\/lesforgesduweb.fr\/actualites\/author\/spasdelou\/"}]}},"_links":{"self":[{"href":"https:\/\/lesforgesduweb.fr\/actualites\/wp-json\/wp\/v2\/posts\/114"}],"collection":[{"href":"https:\/\/lesforgesduweb.fr\/actualites\/wp-json\/wp\/v2\/posts"}],"about":[{"href":"https:\/\/lesforgesduweb.fr\/actualites\/wp-json\/wp\/v2\/types\/post"}],"author":[{"embeddable":true,"href":"https:\/\/lesforgesduweb.fr\/actualites\/wp-json\/wp\/v2\/users\/3"}],"replies":[{"embeddable":true,"href":"https:\/\/lesforgesduweb.fr\/actualites\/wp-json\/wp\/v2\/comments?post=114"}],"version-history":[{"count":16,"href":"https:\/\/lesforgesduweb.fr\/actualites\/wp-json\/wp\/v2\/posts\/114\/revisions"}],"predecessor-version":[{"id":264,"href":"https:\/\/lesforgesduweb.fr\/actualites\/wp-json\/wp\/v2\/posts\/114\/revisions\/264"}],"wp:featuredmedia":[{"embeddable":true,"href":"https:\/\/lesforgesduweb.fr\/actualites\/wp-json\/wp\/v2\/media\/265"}],"wp:attachment":[{"href":"https:\/\/lesforgesduweb.fr\/actualites\/wp-json\/wp\/v2\/media?parent=114"}],"wp:term":[{"taxonomy":"category","embeddable":true,"href":"https:\/\/lesforgesduweb.fr\/actualites\/wp-json\/wp\/v2\/categories?post=114"},{"taxonomy":"post_tag","embeddable":true,"href":"https:\/\/lesforgesduweb.fr\/actualites\/wp-json\/wp\/v2\/tags?post=114"}],"curies":[{"name":"wp","href":"https:\/\/api.w.org\/{rel}","templated":true}]}}